{"id":472,"date":"2021-03-20T14:34:58","date_gmt":"2021-03-20T13:34:58","guid":{"rendered":"https:\/\/zanetapawlik.pl\/?p=472"},"modified":"2021-03-20T14:35:00","modified_gmt":"2021-03-20T13:35:00","slug":"kim-sa-uczestnicy-ekspedycji-viet-nam","status":"publish","type":"post","link":"https:\/\/zanetapawlik.pl\/index.php\/2021\/03\/20\/kim-sa-uczestnicy-ekspedycji-viet-nam\/","title":{"rendered":"Kim s\u0105 uczestnicy Ekspedycji Vi\u1ec7t Nam?"},"content":{"rendered":"\n<p>Nadamy &#8222;Ekspedycji Vi\u1ec7t Nam&#8221; jak\u0105\u015b bardziej ludzk\u0105 twarz? Nadamy.<\/p>\n\n\n\n<h3 class=\"wp-block-heading\">Prosz\u0119 Pa\u0144stwa, oto pierwsza uczestniczka:<\/h3>\n\n\n\n<p><strong>&#8211; M &#8211; A &#8211; G &#8211; D &#8211; A<\/strong> &#8211;<\/p>\n\n\n\n<div class=\"wp-block-image\"><figure class=\"alignleft\"><img decoding=\"async\" src=\"https:\/\/odjechanazaneta.pl\/wp-content\/uploads\/2018\/12\/Magda-165x300.jpg\" alt=\"\" class=\"wp-image-2758\"\/><\/figure><\/div>\n\n\n\n<p>Wulkan energii. Dziewczyna nie tylko pi\u0119kna, ale i m\u0105dra. Gotuje tak, \u017ce palce liza\u0107. Potrafi sko\u0142owa\u0107 (szczeg\u00f3lnie kiedy bezbronna istota spr\u00f3buje wina jej produkcji &#8211; wiem, co m\u00f3wi\u0119). Zdobywa coraz to kolejne g\u00f3rskie szczyty. Niekt\u00f3re po kilka razy. Mi\u0142o\u015bniczka przyrody, ogrodniczka w czasie wolnym, obro\u0144czyni praw naszych braci mniejszych. Uwielbia zg\u0142\u0119bia\u0107 tajniki innych kultur i obyczaj\u00f3w.<\/p>\n\n\n\n<p>Kilka miesi\u0119cy temu wyrwa\u0142a z \u0142ap dr\u0119czyciela psin\u0119 Gra\u017cyn\u0119, dla kt\u00f3rej szuka\u0142a domu. Bezskutecznie. Dlatego Gra\u017cyna zosta\u0142a z ni\u0105 na sta\u0142e. Magdusia robi najpyszniejsze przetwory na zim\u0119, kt\u00f3rymi obdarowuje znajomych (mnie nie wy\u0142\u0105czaj\u0105c). Jesieni\u0105 zbiera grzyby, latem uprawia sporty (rower, rolki). Ma \u015bwietny kontakt z dzie\u0107mi.<\/p>\n\n\n\n<p>Sk\u0142ad rodzinny: zdobywca jej serca, przystojny syn, rzeczona Gra\u017cyna i papuga (imi\u0119 nieznane).<\/p>\n\n\n\n<h3 class=\"wp-block-heading\">Druga (z trzech) twarz lutowej &#8222;Ekspedycji Vi\u1ec7t Nam&#8221;<\/h3>\n\n\n\n<p>Przedstawiam jedynego m\u0119\u017cczyzn\u0119, kt\u00f3ry zgodzi\u0142 si\u0119 (cho\u0107 nie od razu) towarzyszy\u0107 nam w wyprawie. Panie, Panowie, oto:<\/p>\n\n\n\n<p><strong>&#8211; W &#8211; A &#8211; L &#8211; D &#8211; E &#8211; K &#8211;<\/strong><\/p>\n\n\n\n<div class=\"wp-block-image\"><figure class=\"alignleft\"><img decoding=\"async\" src=\"https:\/\/odjechanazaneta.pl\/wp-content\/uploads\/2018\/12\/waldek-300x226.jpg\" alt=\"\" class=\"wp-image-2759\"\/><\/figure><\/div>\n\n\n\n<p>Dobrze u\u0142o\u017cony, wybitnie cierpliwy, metodyczny, typ m\u0119drca (nie myli\u0107 z m\u0105dral\u0105). Nikt tak dobrze jak On nie zjednuje sobie ludzi. Artysta-plastyk z licznymi dokonaniami. Cierpliwy do b\u00f3lu. G\u0142odny \u015bwiata i przyg\u00f3d. Zapalony motocyklista (najbardziej na \u015bwiecie kocha swojego choppera, kt\u00f3rym zjecha\u0142 kawa\u0142 Europy). Nie straszne mu wichry i burze (mo\u017cna powiedzie\u0107 &#8211; nieprzemakalny).<\/p>\n\n\n\n<p>Godny zaufania, twardo st\u0105paj\u0105cy po ziemi. Nauczyciel z pasj\u0105; to pod Jego okiem dojrzewaj\u0105 kolejni arty\u015bci. Praktyk z do\u015bwiadczeniem w cenionych agencjach reklamowych. Cz\u0142onek Grupy Artyst\u00f3w Sprzedajnych. Aktywny dzia\u0142acz Pracowni Dramatu i Prozy. Ojciec. Buddysta. Altruista. Cz\u0142owiek wyj\u0105tkowy. Jest barometrem szalonych pomys\u0142\u00f3w \u017cony, kt\u00f3rym czasem ulega. Za co go kochamy? Wy to nie wiem, ja za wszystko.<\/p>\n\n\n\n<h3 class=\"wp-block-heading\">OBLICZA &#8222;Ekspedycji Vi\u1ec7t Nam&#8221; s\u0105 trzy<\/h3>\n\n\n\n<p>Tych mi\u0142ych uczestnik\u00f3w ju\u017c poznali\u015bcie (Magda i Waldek), przysz\u0142a wi\u0119c pora na&#8230;<\/p>\n\n\n\n<p>Tratatatam&#8230;!!! Oto pogromca u\u015bmiech\u00f3w wsp\u00f3\u0142pracownik\u00f3w, demon wcielony, wymagaj\u0105ca od innych nie mniej, ni\u017c od siebie:<\/p>\n\n\n\n<p><strong>&#8211; \u017b &#8211; A &#8211; N &#8211; E -T &#8211; A &#8211;<\/strong><\/p>\n\n\n\n<div class=\"wp-block-image\"><figure class=\"alignleft\"><a href=\"https:\/\/odjechanazaneta.pl\/?attachment_id=2760\"><img decoding=\"async\" src=\"https:\/\/odjechanazaneta.pl\/wp-content\/uploads\/2018\/12\/Zaneta-225x300.jpg\" alt=\"\" class=\"wp-image-2760\"\/><\/a><\/figure><\/div>\n\n\n\n<p>Kobieta spe\u0142niaj\u0105ca si\u0119; \u015brednio co dwa lata ma nowy pomys\u0142 na siebie. Przepojona energi\u0105 i dynamizmem (wybucha kilka razy dziennie). \u015amieje si\u0119 i p\u0142acze, bywa, \u017ce jednocze\u015bnie. Chcia\u0142aby powiedzie\u0107, \u017ce bycie TU i TERAZ jest jej recept\u0105 na szcz\u0119\u015bcie, ale sk\u0142ama\u0142aby. Nieustannie chce by\u0107 TAM. I jeszcze TAM. Lubi gotowa\u0107 (je\u015bli nie musi) i musi sprz\u0105ta\u0107 (cho\u0107 w zasadzie nie lubi). Nie znosi porannego wstawania, wizyt u mechanika, s\u0142odyczy (one niestety lubi\u0105 j\u0105). Spe\u0142ni\u0142a marzenie o byciu aktork\u0105 (kilka lat gra\u0142a na scenie chorzowskiego teatru).&nbsp;<\/p>\n\n\n\n<p>Najwi\u0119ksza si\u0142a i moc wst\u0119puje w ni\u0105 po odpaleniu silnika motocykla. Zanim jednak oswoi\u0142a besti\u0119 uroni\u0142a kilka \u0142ez. No dobra, rzuci\u0142a sporo przekle\u0144stw, ale \u0142zy bardziej kobiecie pasuj\u0105. Jest uzale\u017cniona od kawy i adrenaliny. Doprowadza do ko\u0144ca ka\u017cde przedsi\u0119wzi\u0119cie, kt\u00f3rego si\u0119 podejmuje. Z jakim skutkiem? R\u00f3\u017cnym.<\/p>\n<!-- AddThis Advanced Settings generic via filter on the_content --><!-- AddThis Share Buttons generic via filter on the_content -->","protected":false},"excerpt":{"rendered":"<p>Nadamy &#8222;Ekspedycji Vi\u1ec7t Nam&#8221; jak\u0105\u015b bardziej ludzk\u0105 twarz? Nadamy. Prosz\u0119 Pa\u0144stwa, oto pierwsza uczestniczka: &#8211; M &#8211; A &#8211; G &#8211; D &#8211; A &#8211; Wulkan energii. Dziewczyna nie tylko pi\u0119kna, ale i m\u0105dra. Gotuje tak, \u017ce palce liza\u0107. Potrafi sko\u0142owa\u0107 (szczeg\u00f3lnie kiedy bezbronna istota spr\u00f3buje wina jej produkcji &#8211; wiem, co m\u00f3wi\u0119). Zdobywa coraz to kolejne g\u00f3rskie szczyty. Niekt\u00f3re po kilka razy. Mi\u0142o\u015bniczka przyrody, ogrodniczka w czasie wolnym, obro\u0144czyni praw naszych braci mniejszych. Uwielbia zg\u0142\u0119bia\u0107 tajniki innych kultur i obyczaj\u00f3w. Kilka miesi\u0119cy temu wyrwa\u0142a z \u0142ap dr\u0119czyciela psin\u0119 Gra\u017cyn\u0119, dla kt\u00f3rej szuka\u0142a domu. Bezskutecznie. Dlatego Gra\u017cyna zosta\u0142a z ni\u0105 na sta\u0142e. Magdusia robi najpyszniejsze przetwory na zim\u0119, kt\u00f3rymi obdarowuje znajomych (mnie nie wy\u0142\u0105czaj\u0105c). Jesieni\u0105 zbiera grzyby, latem uprawia sporty (rower, rolki). Ma \u015bwietny kontakt z dzie\u0107mi. Sk\u0142ad rodzinny: zdobywca jej serca, przystojny syn, rzeczona Gra\u017cyna i papuga (imi\u0119 nieznane). Druga (z trzech) twarz lutowej &#8222;Ekspedycji Vi\u1ec7t Nam&#8221; Przedstawiam jedynego m\u0119\u017cczyzn\u0119, kt\u00f3ry zgodzi\u0142 si\u0119 (cho\u0107 nie od razu) towarzyszy\u0107 nam w wyprawie. Panie, Panowie, oto: &#8211; W &#8211; A &#8211; L &#8211; D &#8211; E &#8211; K &#8211; Dobrze u\u0142o\u017cony, wybitnie cierpliwy, metodyczny, typ m\u0119drca (nie myli\u0107 z m\u0105dral\u0105). Nikt tak dobrze jak On nie zjednuje sobie ludzi. Artysta-plastyk z licznymi dokonaniami. Cierpliwy do b\u00f3lu. G\u0142odny \u015bwiata i przyg\u00f3d. Zapalony motocyklista (najbardziej na \u015bwiecie kocha swojego choppera, kt\u00f3rym zjecha\u0142 kawa\u0142 Europy). Nie straszne mu wichry i burze (mo\u017cna powiedzie\u0107 &#8211; nieprzemakalny). Godny zaufania, twardo st\u0105paj\u0105cy po ziemi. Nauczyciel z pasj\u0105; to pod Jego okiem dojrzewaj\u0105 kolejni arty\u015bci. Praktyk z do\u015bwiadczeniem w cenionych agencjach reklamowych. Cz\u0142onek Grupy Artyst\u00f3w Sprzedajnych. Aktywny dzia\u0142acz Pracowni Dramatu i Prozy. Ojciec. Buddysta. Altruista. Cz\u0142owiek wyj\u0105tkowy. Jest barometrem szalonych pomys\u0142\u00f3w \u017cony, kt\u00f3rym czasem ulega. Za co go kochamy? Wy to nie wiem, ja za wszystko. OBLICZA &#8222;Ekspedycji Vi\u1ec7t Nam&#8221; s\u0105 trzy Tych mi\u0142ych uczestnik\u00f3w ju\u017c poznali\u015bcie (Magda i Waldek), przysz\u0142a wi\u0119c pora na&#8230; Tratatatam&#8230;!!! Oto pogromca u\u015bmiech\u00f3w wsp\u00f3\u0142pracownik\u00f3w, demon wcielony, wymagaj\u0105ca od innych nie mniej, ni\u017c od siebie: &#8211; \u017b &#8211; A &#8211; N &#8211; E -T &#8211; A &#8211; Kobieta spe\u0142niaj\u0105ca si\u0119; \u015brednio co dwa lata ma nowy pomys\u0142 na siebie. Przepojona energi\u0105 i dynamizmem (wybucha kilka razy dziennie). \u015amieje si\u0119 i p\u0142acze, bywa, \u017ce jednocze\u015bnie. Chcia\u0142aby powiedzie\u0107, \u017ce bycie TU i TERAZ jest jej recept\u0105 na szcz\u0119\u015bcie, ale sk\u0142ama\u0142aby. Nieustannie chce by\u0107 TAM. I jeszcze TAM. Lubi gotowa\u0107 (je\u015bli nie musi) i musi sprz\u0105ta\u0107 (cho\u0107 w zasadzie nie lubi). Nie znosi porannego wstawania, wizyt u mechanika, s\u0142odyczy (one niestety lubi\u0105 j\u0105). Spe\u0142ni\u0142a marzenie o byciu aktork\u0105 (kilka lat gra\u0142a na scenie chorzowskiego teatru).&nbsp; Najwi\u0119ksza si\u0142a i moc wst\u0119puje w ni\u0105 po odpaleniu silnika motocykla. Zanim jednak oswoi\u0142a besti\u0119 uroni\u0142a kilka \u0142ez. No dobra, rzuci\u0142a sporo przekle\u0144stw, ale \u0142zy bardziej kobiecie pasuj\u0105. Jest uzale\u017cniona od kawy i adrenaliny. Doprowadza do ko\u0144ca ka\u017cde przedsi\u0119wzi\u0119cie, kt\u00f3rego si\u0119 podejmuje. Z jakim skutkiem? R\u00f3\u017cnym.<!-- AddThis Advanced Settings generic via filter on get_the_excerpt --><!-- AddThis Share Buttons generic via filter on get_the_excerpt --><\/p>\n","protected":false},"author":1,"featured_media":578,"comment_status":"open","ping_status":"open","sticky":false,"template":"","format":"standard","meta":{"_exactmetrics_skip_tracking":false,"_exactmetrics_sitenote_active":false,"_exactmetrics_sitenote_note":"","_exactmetrics_sitenote_category":0,"_monsterinsights_skip_tracking":false,"_monsterinsights_sitenote_active":false,"_monsterinsights_sitenote_note":"","_monsterinsights_sitenote_category":0,"footnotes":""},"categories":[12,30],"tags":[58,274,305,306,39,148,4],"class_list":["post-472","post","type-post","status-publish","format-standard","has-post-thumbnail","hentry","category-podroze","category-wietnam","tag-azja","tag-backpacking","tag-ekspedycja","tag-ekspedycja-wietnam","tag-podroz","tag-wietnam","tag-zaneta-pawlik"],"yoast_head":"<!-- This site is optimized with the Yoast SEO plugin v27.3 - https:\/\/yoast.com\/product\/yoast-seo-wordpress\/ -->\n<title>Kim s\u0105 uczestnicy Ekspedycji Vi\u1ec7t Nam? - \u017baneta Pawlik<\/title>\n<meta name=\"description\" content=\"Uczestnicy Ekspedycji Wietnam: Magda, Waldek i \u017baneta. Jak trzy odmienne planety, trzy r\u00f3\u017cne \u015bwiaty. I ta r\u00f3\u017cnorodno\u015b\u0107 gwarantuje sukces w podr\u00f3\u017cy!\" \/>\n<meta name=\"robots\" content=\"index, follow, max-snippet:-1, max-image-preview:large, max-video-preview:-1\" \/>\n<link rel=\"canonical\" href=\"https:\/\/zanetapawlik.pl\/index.php\/2021\/03\/20\/kim-sa-uczestnicy-ekspedycji-viet-nam\/\" \/>\n<meta property=\"og:locale\" content=\"pl_PL\" \/>\n<meta property=\"og:type\" content=\"article\" \/>\n<meta property=\"og:title\" content=\"Kim s\u0105 uczestnicy Ekspedycji Vi\u1ec7t Nam? - \u017baneta Pawlik\" \/>\n<meta property=\"og:description\" content=\"Uczestnicy Ekspedycji Wietnam: Magda, Waldek i \u017baneta. Jak trzy odmienne planety, trzy r\u00f3\u017cne \u015bwiaty. I ta r\u00f3\u017cnorodno\u015b\u0107 gwarantuje sukces w podr\u00f3\u017cy!\" \/>\n<meta property=\"og:url\" content=\"https:\/\/zanetapawlik.pl\/index.php\/2021\/03\/20\/kim-sa-uczestnicy-ekspedycji-viet-nam\/\" \/>\n<meta property=\"og:site_name\" content=\"\u017baneta Pawlik\" \/>\n<meta property=\"article:author\" content=\"@zanetapawlik.autorka\" \/>\n<meta property=\"article:published_time\" content=\"2021-03-20T13:34:58+00:00\" \/>\n<meta property=\"article:modified_time\" content=\"2021-03-20T13:35:00+00:00\" \/>\n<meta property=\"og:image\" content=\"https:\/\/zanetapawlik.pl\/wp-content\/uploads\/2021\/03\/Kim-sa-uczestnicy-ekspedycji-Vietnam.jpg\" \/>\n\t<meta property=\"og:image:width\" content=\"640\" \/>\n\t<meta property=\"og:image:height\" content=\"426\" \/>\n\t<meta property=\"og:image:type\" content=\"image\/jpeg\" \/>\n<meta name=\"author\" content=\"\u017baneta Pawlik\" \/>\n<meta name=\"twitter:card\" content=\"summary_large_image\" \/>\n<meta name=\"twitter:label1\" content=\"Napisane przez\" \/>\n\t<meta name=\"twitter:data1\" content=\"\u017baneta Pawlik\" \/>\n\t<meta name=\"twitter:label2\" content=\"Szacowany czas czytania\" \/>\n\t<meta name=\"twitter:data2\" content=\"3 minuty\" \/>\n<script type=\"application\/ld+json\" class=\"yoast-schema-graph\">{\"@context\":\"https:\\\/\\\/schema.org\",\"@graph\":[{\"@type\":\"Article\",\"@id\":\"https:\\\/\\\/zanetapawlik.pl\\\/index.php\\\/2021\\\/03\\\/20\\\/kim-sa-uczestnicy-ekspedycji-viet-nam\\\/#article\",\"isPartOf\":{\"@id\":\"https:\\\/\\\/zanetapawlik.pl\\\/index.php\\\/2021\\\/03\\\/20\\\/kim-sa-uczestnicy-ekspedycji-viet-nam\\\/\"},\"author\":{\"name\":\"\u017baneta Pawlik\",\"@id\":\"https:\\\/\\\/zanetapawlik.pl\\\/#\\\/schema\\\/person\\\/c3aba1d003bc4d96d317c5d1601fa5f3\"},\"headline\":\"Kim s\u0105 uczestnicy Ekspedycji Vi\u1ec7t Nam?\",\"datePublished\":\"2021-03-20T13:34:58+00:00\",\"dateModified\":\"2021-03-20T13:35:00+00:00\",\"mainEntityOfPage\":{\"@id\":\"https:\\\/\\\/zanetapawlik.pl\\\/index.php\\\/2021\\\/03\\\/20\\\/kim-sa-uczestnicy-ekspedycji-viet-nam\\\/\"},\"wordCount\":563,\"commentCount\":0,\"image\":{\"@id\":\"https:\\\/\\\/zanetapawlik.pl\\\/index.php\\\/2021\\\/03\\\/20\\\/kim-sa-uczestnicy-ekspedycji-viet-nam\\\/#primaryimage\"},\"thumbnailUrl\":\"https:\\\/\\\/zanetapawlik.pl\\\/wp-content\\\/uploads\\\/2021\\\/03\\\/Kim-sa-uczestnicy-ekspedycji-Vietnam.jpg\",\"keywords\":[\"Azja\",\"backpacking\",\"ekspedycja\",\"ekspedycja Wietnam\",\"podr\u00f3\u017c\",\"Wietnam\",\"zaneta pawlik\"],\"articleSection\":[\"podr\u00f3\u017ce\",\"Wietnam\"],\"inLanguage\":\"pl-PL\",\"potentialAction\":[{\"@type\":\"CommentAction\",\"name\":\"Comment\",\"target\":[\"https:\\\/\\\/zanetapawlik.pl\\\/index.php\\\/2021\\\/03\\\/20\\\/kim-sa-uczestnicy-ekspedycji-viet-nam\\\/#respond\"]}]},{\"@type\":\"WebPage\",\"@id\":\"https:\\\/\\\/zanetapawlik.pl\\\/index.php\\\/2021\\\/03\\\/20\\\/kim-sa-uczestnicy-ekspedycji-viet-nam\\\/\",\"url\":\"https:\\\/\\\/zanetapawlik.pl\\\/index.php\\\/2021\\\/03\\\/20\\\/kim-sa-uczestnicy-ekspedycji-viet-nam\\\/\",\"name\":\"Kim s\u0105 uczestnicy Ekspedycji Vi\u1ec7t Nam? - \u017baneta Pawlik\",\"isPartOf\":{\"@id\":\"https:\\\/\\\/zanetapawlik.pl\\\/#website\"},\"primaryImageOfPage\":{\"@id\":\"https:\\\/\\\/zanetapawlik.pl\\\/index.php\\\/2021\\\/03\\\/20\\\/kim-sa-uczestnicy-ekspedycji-viet-nam\\\/#primaryimage\"},\"image\":{\"@id\":\"https:\\\/\\\/zanetapawlik.pl\\\/index.php\\\/2021\\\/03\\\/20\\\/kim-sa-uczestnicy-ekspedycji-viet-nam\\\/#primaryimage\"},\"thumbnailUrl\":\"https:\\\/\\\/zanetapawlik.pl\\\/wp-content\\\/uploads\\\/2021\\\/03\\\/Kim-sa-uczestnicy-ekspedycji-Vietnam.jpg\",\"datePublished\":\"2021-03-20T13:34:58+00:00\",\"dateModified\":\"2021-03-20T13:35:00+00:00\",\"author\":{\"@id\":\"https:\\\/\\\/zanetapawlik.pl\\\/#\\\/schema\\\/person\\\/c3aba1d003bc4d96d317c5d1601fa5f3\"},\"description\":\"Uczestnicy Ekspedycji Wietnam: Magda, Waldek i \u017baneta. Jak trzy odmienne planety, trzy r\u00f3\u017cne \u015bwiaty. I ta r\u00f3\u017cnorodno\u015b\u0107 gwarantuje sukces w podr\u00f3\u017cy!\",\"breadcrumb\":{\"@id\":\"https:\\\/\\\/zanetapawlik.pl\\\/index.php\\\/2021\\\/03\\\/20\\\/kim-sa-uczestnicy-ekspedycji-viet-nam\\\/#breadcrumb\"},\"inLanguage\":\"pl-PL\",\"potentialAction\":[{\"@type\":\"ReadAction\",\"target\":[\"https:\\\/\\\/zanetapawlik.pl\\\/index.php\\\/2021\\\/03\\\/20\\\/kim-sa-uczestnicy-ekspedycji-viet-nam\\\/\"]}]},{\"@type\":\"ImageObject\",\"inLanguage\":\"pl-PL\",\"@id\":\"https:\\\/\\\/zanetapawlik.pl\\\/index.php\\\/2021\\\/03\\\/20\\\/kim-sa-uczestnicy-ekspedycji-viet-nam\\\/#primaryimage\",\"url\":\"https:\\\/\\\/zanetapawlik.pl\\\/wp-content\\\/uploads\\\/2021\\\/03\\\/Kim-sa-uczestnicy-ekspedycji-Vietnam.jpg\",\"contentUrl\":\"https:\\\/\\\/zanetapawlik.pl\\\/wp-content\\\/uploads\\\/2021\\\/03\\\/Kim-sa-uczestnicy-ekspedycji-Vietnam.jpg\",\"width\":640,\"height\":426},{\"@type\":\"BreadcrumbList\",\"@id\":\"https:\\\/\\\/zanetapawlik.pl\\\/index.php\\\/2021\\\/03\\\/20\\\/kim-sa-uczestnicy-ekspedycji-viet-nam\\\/#breadcrumb\",\"itemListElement\":[{\"@type\":\"ListItem\",\"position\":1,\"name\":\"Strona g\u0142\u00f3wna\",\"item\":\"https:\\\/\\\/zanetapawlik.pl\\\/\"},{\"@type\":\"ListItem\",\"position\":2,\"name\":\"Kim s\u0105 uczestnicy Ekspedycji Vi\u1ec7t Nam?\"}]},{\"@type\":\"WebSite\",\"@id\":\"https:\\\/\\\/zanetapawlik.pl\\\/#website\",\"url\":\"https:\\\/\\\/zanetapawlik.pl\\\/\",\"name\":\"\u017baneta Pawlik\",\"description\":\"Powie\u015bciopisarka\",\"potentialAction\":[{\"@type\":\"SearchAction\",\"target\":{\"@type\":\"EntryPoint\",\"urlTemplate\":\"https:\\\/\\\/zanetapawlik.pl\\\/?s={search_term_string}\"},\"query-input\":{\"@type\":\"PropertyValueSpecification\",\"valueRequired\":true,\"valueName\":\"search_term_string\"}}],\"inLanguage\":\"pl-PL\"},{\"@type\":\"Person\",\"@id\":\"https:\\\/\\\/zanetapawlik.pl\\\/#\\\/schema\\\/person\\\/c3aba1d003bc4d96d317c5d1601fa5f3\",\"name\":\"\u017baneta Pawlik\",\"image\":{\"@type\":\"ImageObject\",\"inLanguage\":\"pl-PL\",\"@id\":\"https:\\\/\\\/secure.gravatar.com\\\/avatar\\\/4072617b0a1b582d78fe1595062a81c5ec8f9c6bc9a08453b48537ae92a28d5b?s=96&d=mm&r=g\",\"url\":\"https:\\\/\\\/secure.gravatar.com\\\/avatar\\\/4072617b0a1b582d78fe1595062a81c5ec8f9c6bc9a08453b48537ae92a28d5b?s=96&d=mm&r=g\",\"contentUrl\":\"https:\\\/\\\/secure.gravatar.com\\\/avatar\\\/4072617b0a1b582d78fe1595062a81c5ec8f9c6bc9a08453b48537ae92a28d5b?s=96&d=mm&r=g\",\"caption\":\"\u017baneta Pawlik\"},\"sameAs\":[\"@zanetapawlik.autorka\"],\"url\":\"https:\\\/\\\/zanetapawlik.pl\\\/index.php\\\/author\\\/usrob\\\/\"}]}<\/script>\n<!-- \/ Yoast SEO plugin. -->","yoast_head_json":{"title":"Kim s\u0105 uczestnicy Ekspedycji Vi\u1ec7t Nam? - \u017baneta Pawlik","description":"Uczestnicy Ekspedycji Wietnam: Magda, Waldek i \u017baneta. Jak trzy odmienne planety, trzy r\u00f3\u017cne \u015bwiaty. I ta r\u00f3\u017cnorodno\u015b\u0107 gwarantuje sukces w podr\u00f3\u017cy!","robots":{"index":"index","follow":"follow","max-snippet":"max-snippet:-1","max-image-preview":"max-image-preview:large","max-video-preview":"max-video-preview:-1"},"canonical":"https:\/\/zanetapawlik.pl\/index.php\/2021\/03\/20\/kim-sa-uczestnicy-ekspedycji-viet-nam\/","og_locale":"pl_PL","og_type":"article","og_title":"Kim s\u0105 uczestnicy Ekspedycji Vi\u1ec7t Nam? - \u017baneta Pawlik","og_description":"Uczestnicy Ekspedycji Wietnam: Magda, Waldek i \u017baneta. Jak trzy odmienne planety, trzy r\u00f3\u017cne \u015bwiaty. I ta r\u00f3\u017cnorodno\u015b\u0107 gwarantuje sukces w podr\u00f3\u017cy!","og_url":"https:\/\/zanetapawlik.pl\/index.php\/2021\/03\/20\/kim-sa-uczestnicy-ekspedycji-viet-nam\/","og_site_name":"\u017baneta Pawlik","article_author":"@zanetapawlik.autorka","article_published_time":"2021-03-20T13:34:58+00:00","article_modified_time":"2021-03-20T13:35:00+00:00","og_image":[{"width":640,"height":426,"url":"https:\/\/zanetapawlik.pl\/wp-content\/uploads\/2021\/03\/Kim-sa-uczestnicy-ekspedycji-Vietnam.jpg","type":"image\/jpeg"}],"author":"\u017baneta Pawlik","twitter_card":"summary_large_image","twitter_misc":{"Napisane przez":"\u017baneta Pawlik","Szacowany czas czytania":"3 minuty"},"schema":{"@context":"https:\/\/schema.org","@graph":[{"@type":"Article","@id":"https:\/\/zanetapawlik.pl\/index.php\/2021\/03\/20\/kim-sa-uczestnicy-ekspedycji-viet-nam\/#article","isPartOf":{"@id":"https:\/\/zanetapawlik.pl\/index.php\/2021\/03\/20\/kim-sa-uczestnicy-ekspedycji-viet-nam\/"},"author":{"name":"\u017baneta Pawlik","@id":"https:\/\/zanetapawlik.pl\/#\/schema\/person\/c3aba1d003bc4d96d317c5d1601fa5f3"},"headline":"Kim s\u0105 uczestnicy Ekspedycji Vi\u1ec7t Nam?","datePublished":"2021-03-20T13:34:58+00:00","dateModified":"2021-03-20T13:35:00+00:00","mainEntityOfPage":{"@id":"https:\/\/zanetapawlik.pl\/index.php\/2021\/03\/20\/kim-sa-uczestnicy-ekspedycji-viet-nam\/"},"wordCount":563,"commentCount":0,"image":{"@id":"https:\/\/zanetapawlik.pl\/index.php\/2021\/03\/20\/kim-sa-uczestnicy-ekspedycji-viet-nam\/#primaryimage"},"thumbnailUrl":"https:\/\/zanetapawlik.pl\/wp-content\/uploads\/2021\/03\/Kim-sa-uczestnicy-ekspedycji-Vietnam.jpg","keywords":["Azja","backpacking","ekspedycja","ekspedycja Wietnam","podr\u00f3\u017c","Wietnam","zaneta pawlik"],"articleSection":["podr\u00f3\u017ce","Wietnam"],"inLanguage":"pl-PL","potentialAction":[{"@type":"CommentAction","name":"Comment","target":["https:\/\/zanetapawlik.pl\/index.php\/2021\/03\/20\/kim-sa-uczestnicy-ekspedycji-viet-nam\/#respond"]}]},{"@type":"WebPage","@id":"https:\/\/zanetapawlik.pl\/index.php\/2021\/03\/20\/kim-sa-uczestnicy-ekspedycji-viet-nam\/","url":"https:\/\/zanetapawlik.pl\/index.php\/2021\/03\/20\/kim-sa-uczestnicy-ekspedycji-viet-nam\/","name":"Kim s\u0105 uczestnicy Ekspedycji Vi\u1ec7t Nam? - \u017baneta Pawlik","isPartOf":{"@id":"https:\/\/zanetapawlik.pl\/#website"},"primaryImageOfPage":{"@id":"https:\/\/zanetapawlik.pl\/index.php\/2021\/03\/20\/kim-sa-uczestnicy-ekspedycji-viet-nam\/#primaryimage"},"image":{"@id":"https:\/\/zanetapawlik.pl\/index.php\/2021\/03\/20\/kim-sa-uczestnicy-ekspedycji-viet-nam\/#primaryimage"},"thumbnailUrl":"https:\/\/zanetapawlik.pl\/wp-content\/uploads\/2021\/03\/Kim-sa-uczestnicy-ekspedycji-Vietnam.jpg","datePublished":"2021-03-20T13:34:58+00:00","dateModified":"2021-03-20T13:35:00+00:00","author":{"@id":"https:\/\/zanetapawlik.pl\/#\/schema\/person\/c3aba1d003bc4d96d317c5d1601fa5f3"},"description":"Uczestnicy Ekspedycji Wietnam: Magda, Waldek i \u017baneta. Jak trzy odmienne planety, trzy r\u00f3\u017cne \u015bwiaty. I ta r\u00f3\u017cnorodno\u015b\u0107 gwarantuje sukces w podr\u00f3\u017cy!","breadcrumb":{"@id":"https:\/\/zanetapawlik.pl\/index.php\/2021\/03\/20\/kim-sa-uczestnicy-ekspedycji-viet-nam\/#breadcrumb"},"inLanguage":"pl-PL","potentialAction":[{"@type":"ReadAction","target":["https:\/\/zanetapawlik.pl\/index.php\/2021\/03\/20\/kim-sa-uczestnicy-ekspedycji-viet-nam\/"]}]},{"@type":"ImageObject","inLanguage":"pl-PL","@id":"https:\/\/zanetapawlik.pl\/index.php\/2021\/03\/20\/kim-sa-uczestnicy-ekspedycji-viet-nam\/#primaryimage","url":"https:\/\/zanetapawlik.pl\/wp-content\/uploads\/2021\/03\/Kim-sa-uczestnicy-ekspedycji-Vietnam.jpg","contentUrl":"https:\/\/zanetapawlik.pl\/wp-content\/uploads\/2021\/03\/Kim-sa-uczestnicy-ekspedycji-Vietnam.jpg","width":640,"height":426},{"@type":"BreadcrumbList","@id":"https:\/\/zanetapawlik.pl\/index.php\/2021\/03\/20\/kim-sa-uczestnicy-ekspedycji-viet-nam\/#breadcrumb","itemListElement":[{"@type":"ListItem","position":1,"name":"Strona g\u0142\u00f3wna","item":"https:\/\/zanetapawlik.pl\/"},{"@type":"ListItem","position":2,"name":"Kim s\u0105 uczestnicy Ekspedycji Vi\u1ec7t Nam?"}]},{"@type":"WebSite","@id":"https:\/\/zanetapawlik.pl\/#website","url":"https:\/\/zanetapawlik.pl\/","name":"\u017baneta Pawlik","description":"Powie\u015bciopisarka","potentialAction":[{"@type":"SearchAction","target":{"@type":"EntryPoint","urlTemplate":"https:\/\/zanetapawlik.pl\/?s={search_term_string}"},"query-input":{"@type":"PropertyValueSpecification","valueRequired":true,"valueName":"search_term_string"}}],"inLanguage":"pl-PL"},{"@type":"Person","@id":"https:\/\/zanetapawlik.pl\/#\/schema\/person\/c3aba1d003bc4d96d317c5d1601fa5f3","name":"\u017baneta Pawlik","image":{"@type":"ImageObject","inLanguage":"pl-PL","@id":"https:\/\/secure.gravatar.com\/avatar\/4072617b0a1b582d78fe1595062a81c5ec8f9c6bc9a08453b48537ae92a28d5b?s=96&d=mm&r=g","url":"https:\/\/secure.gravatar.com\/avatar\/4072617b0a1b582d78fe1595062a81c5ec8f9c6bc9a08453b48537ae92a28d5b?s=96&d=mm&r=g","contentUrl":"https:\/\/secure.gravatar.com\/avatar\/4072617b0a1b582d78fe1595062a81c5ec8f9c6bc9a08453b48537ae92a28d5b?s=96&d=mm&r=g","caption":"\u017baneta Pawlik"},"sameAs":["@zanetapawlik.autorka"],"url":"https:\/\/zanetapawlik.pl\/index.php\/author\/usrob\/"}]}},"_links":{"self":[{"href":"https:\/\/zanetapawlik.pl\/index.php\/wp-json\/wp\/v2\/posts\/472","targetHints":{"allow":["GET"]}}],"collection":[{"href":"https:\/\/zanetapawlik.pl\/index.php\/wp-json\/wp\/v2\/posts"}],"about":[{"href":"https:\/\/zanetapawlik.pl\/index.php\/wp-json\/wp\/v2\/types\/post"}],"author":[{"embeddable":true,"href":"https:\/\/zanetapawlik.pl\/index.php\/wp-json\/wp\/v2\/users\/1"}],"replies":[{"embeddable":true,"href":"https:\/\/zanetapawlik.pl\/index.php\/wp-json\/wp\/v2\/comments?post=472"}],"version-history":[{"count":1,"href":"https:\/\/zanetapawlik.pl\/index.php\/wp-json\/wp\/v2\/posts\/472\/revisions"}],"predecessor-version":[{"id":473,"href":"https:\/\/zanetapawlik.pl\/index.php\/wp-json\/wp\/v2\/posts\/472\/revisions\/473"}],"wp:featuredmedia":[{"embeddable":true,"href":"https:\/\/zanetapawlik.pl\/index.php\/wp-json\/wp\/v2\/media\/578"}],"wp:attachment":[{"href":"https:\/\/zanetapawlik.pl\/index.php\/wp-json\/wp\/v2\/media?parent=472"}],"wp:term":[{"taxonomy":"category","embeddable":true,"href":"https:\/\/zanetapawlik.pl\/index.php\/wp-json\/wp\/v2\/categories?post=472"},{"taxonomy":"post_tag","embeddable":true,"href":"https:\/\/zanetapawlik.pl\/index.php\/wp-json\/wp\/v2\/tags?post=472"}],"curies":[{"name":"wp","href":"https:\/\/api.w.org\/{rel}","templated":true}]}}