{"id":435,"date":"2021-03-20T15:39:39","date_gmt":"2021-03-20T14:39:39","guid":{"rendered":"https:\/\/zanetapawlik.pl\/?p=435"},"modified":"2021-03-20T15:39:41","modified_gmt":"2021-03-20T14:39:41","slug":"problem-z-feministkami","status":"publish","type":"post","link":"https:\/\/zanetapawlik.pl\/index.php\/2021\/03\/20\/problem-z-feministkami\/","title":{"rendered":"Problem z feministkami"},"content":{"rendered":"\n<p class=\"has-large-font-size\">Nie rozumiem feminizmu. Zawsze deklarowa\u0142am si\u0119 jako antyfeministka, ale bardziej z przekory, ni\u017c przekonania.&nbsp;&nbsp;Wojuj\u0105ce feministki walcz\u0105ce o r\u00f3wnouprawnienie przy jednoczesnym domaganiu si\u0119 szanowania ich kobieco\u015bci i id\u0105cych za tym ogranicze\u0144 przecz\u0105 samym sobie. Bo o ile maj\u0105 potrzeb\u0119 piastowania wysokich stanowisk na r\u00f3wni z m\u0119\u017cczyznami, tak brakuje im ju\u017c wyobra\u017ani w momencie, w kt\u00f3rym mia\u0142yby zjecha\u0107 z kilofem w r\u0119ku na przodek korytarza w kopalni. Niejedna ofuka\u0142aby tego, kt\u00f3ry w drzwiach puszcza\u0142by j\u0105 przodem, druga z kolei odmienny scenariusz&nbsp;&nbsp;uzna\u0142aby za brak szacunku. I b\u0105d\u017a tu m\u0105dry cz\u0142owieku.&nbsp;<\/p>\n\n\n\n<hr class=\"wp-block-separator\"\/>\n\n\n\n<h4 class=\"wp-block-heading\">Definicja feminizmu<\/h4>\n\n\n\n<p>W Czarny Poniedzia\u0142ek ubra\u0142am si\u0119 adekwatnie do postulat\u00f3w (czyli jak na pogrzeb), a po pracy pop\u0119dzi\u0142am na Og\u00f3lnopolski Strajk Kobiet protestowa\u0107 przeciwko ca\u0142kowitemu zakazowi aborcji. Gdzie tu logika. Jestem feministk\u0105, czy nie jestem?<\/p>\n\n\n\n<p>\u017beby spr\u00f3bowa\u0107 odpowiedzie\u0107 na to pytanie trzeba feminizm najpierw zdefiniowa\u0107, tym bardziej, \u017ce najwidoczniej z poj\u0119ciem feminizmu mam problem.&nbsp;<\/p>\n\n\n\n<p>Definicja tak okre\u015bla feminizm:<\/p>\n\n\n\n<blockquote class=\"wp-block-quote is-layout-flow wp-block-quote-is-layout-flow\"><p>Ideologia, kierunek polityczny i ruch spo\u0142eczny zwi\u0105zany z r\u00f3wnouprawnieniem kobiet. (&#8230;) Podstaw\u0105 programu feminizmu jest d\u0105\u017cenie do emancypacji kobiet i r\u00f3wnouprawnienie p\u0142ci, zar\u00f3wno pod wzgl\u0119dem formalnym jak i faktycznym. Feminizm zajmuje si\u0119 te\u017c problemem kobieco\u015bci, konstrukcj\u0105 p\u0142ci kulturowej oraz zwi\u0119kszeniem udzia\u0142u kobiet w r\u00f3\u017cnych obszarach \u017cycia.&nbsp;<\/p><\/blockquote>\n\n\n\n<p>Id\u0105c g\u0142\u0119biej okazuje si\u0119, \u017ce obecnie dotyka nas feminizm trzeciej fali (jak sama nazwa wskazuje fala pierwsza i druga mia\u0142y sw\u00f3j czas w dziejach \u015bwiata).&nbsp;<\/p>\n\n\n\n<p>Przekonanie, \u017ce uwarunkowania biologiczne predysponuj\u0105 kobiety i m\u0119\u017cczyzn do spe\u0142niania si\u0119 na r\u00f3\u017cnych (odmiennych) p\u0142aszczyznach czyni mnie (wg definicji) antyfeministk\u0105.&nbsp;<\/p>\n\n\n\n<p>Pisz\u0119 to z pe\u0142n\u0105 \u015bwiadomo\u015bci\u0105, \u017ce niejedna czytelniczka przeklnie mnie po wsze czasy. Drogie panie, nie jest win\u0105 m\u0119\u017cczyzn, \u017ce nie mog\u0105 rodzi\u0107 dzieci i karmi\u0107 ich piersi\u0105. Pretensje nale\u017cy kierowa\u0107 do Matki Natury (tudzie\u017c Boga lub &#8211; jakby niejedna feministka wola\u0142a &#8211; Bogini). Z pracami wymagaj\u0105cymi du\u017cego wysi\u0142ku fizycznego \u0142atwiej poradzi sobie m\u0119ska r\u0119ka. Widzia\u0142y\u015bcie, \u017ceby kobiety naprawia\u0142y samochody, wykonywa\u0142y prace spawalnicze lub pracowa\u0142y na platformach wiertniczych? Nie \u017ce powinno by\u0107 zabronione, ale czy aby na pewno WSKAZANE?<\/p>\n\n\n\n<h4 class=\"wp-block-heading\">Definicja antyfeminizmu<\/h4>\n\n\n\n<blockquote class=\"wp-block-quote is-layout-flow wp-block-quote-is-layout-flow\"><p>Mo\u017cna wyr\u00f3\u017cni\u0107 dwie zasadnicze odmiany antyfeminizmu. Dla pierwszej z nich nier\u00f3wno\u015bci w pozycji p\u0142ci maj\u0105 charakter nadnaturalny. Jest to antyfeminizm zwi\u0105zany najcz\u0119\u015bciej ze \u015bwiatopogl\u0105dem religijnym. Druga odmiana antyfeminizmu widzi \u017ar\u00f3d\u0142a nier\u00f3wno\u015bci w przyczynach naturalnych, najcz\u0119\u015bciej biologicznych.<\/p><\/blockquote>\n\n\n\n<p>Wypisz wymaluj ca\u0142a ja (przyjemniej drugi cz\u0142on definicji jest sp\u00f3jny z moim my\u015bleniem).&nbsp;&nbsp;<\/p>\n\n\n\n<p>Zanim mnie spalicie na stosie g\u0142o\u015bno i wyra\u017anie pragn\u0119 zaznaczy\u0107, \u017ce antyfeminizm nie jest to\u017csamy z seksizmem i mizogini\u0105. Temu si\u0119 stanowczo sprzeciwiam, a mam czemu, wierzcie mi. Kilka lat pracowa\u0142am w \u015brodowisku stricte m\u0119skim, a obecnie w bran\u017cy zdominowanej przez p\u0142e\u0107 m\u0119sk\u0105. Wielokrotnie do\u015bwiadczy\u0142am i do\u015bwiadczam dyskryminacji z powodu p\u0142ci.&nbsp;<\/p>\n\n\n\n<h4 class=\"wp-block-heading\">Trzy fale feminizmu<\/h4>\n\n\n\n<p>Wspomnia\u0142am o trzech falach feminizmu. Kr\u00f3tko na jaki okres przypadaj\u0105 i w czym si\u0119 przejawiaj\u0105.&nbsp;<\/p>\n\n\n\n<p><b>Pierwsza<\/b> <b>fala<\/b> (tzw. dawna fala) 1840-1920.<\/p>\n\n\n\n<p>Aktywno\u015b\u0107 ruchu ameryka\u0144skich i angielskich sufra\u017cystek, reforma prawa rodzinnego, wyborczego, ekonomicznego. W Polsce pe\u0142ne prawa wyborcze kobiety uzyska\u0142y w 1920 roku.&nbsp;<\/p>\n\n\n\n<p><b>Druga<\/b> <b>fala<\/b> lata 60. i 70. XX wieku.<\/p>\n\n\n\n<p>R\u00f3wnouprawnienie na rynku pracy, kobieca seksualno\u015b\u0107, prawo do aborcji.<\/p>\n\n\n\n<p><b>Trzecia<\/b> <b>fala<\/b> od lat 80. XX wieku do dnia dzisiejszego.<\/p>\n\n\n\n<p>Po\u0142\u0105czenie my\u015bli ze wsp\u00f3\u0142czesnymi nurtami. Skutek narastaj\u0105cej konserwatywnej reakcji na postulaty \u201edrugiej fali\u201d spowodowa\u0142 cofni\u0119cie wielu politycznych osi\u0105gni\u0119\u0107. Kr\u00f3tko m\u00f3wi\u0105c, zdaniem konserwatyst\u00f3w kobiety dosta\u0142y to, o co walczy\u0142y (r\u00f3wnouprawnienie), wi\u0119c feminizm zacz\u0105\u0142 im szkodzi\u0107 (!) Dorzu\u0107my do tego kwestie rasowe, etniczne, religijne, ekonomiczne i mamy mniej wi\u0119cej zarysowany obszar aktywno\u015bci dzisiejszego ruchu feministycznego.&nbsp;<\/p>\n\n\n\n<h4 class=\"wp-block-heading\">Parytety<\/h4>\n\n\n\n<p>Nie zgadzam si\u0119 na patriarchat, ale nie uwa\u017cam te\u017c, \u017ceby parytety stanowi\u0142y rozwi\u0105zanie problemu. Nie jest wg mnie w\u0142a\u015bciwe zapewnianie r\u00f3wnego udzia\u0142u (50\/50) reprezentantek i reprezentant\u00f3w obu p\u0142ci np. na listach wyborczych (ustawa parytetowa wesz\u0142a w \u017cycie w pa\u017adzierniku 2011 r.). Stanowiska w rz\u0105dzie powinny by\u0107 obsadzane adekwatnie do wiedzy i umiej\u0119tno\u015bci niezale\u017cnie od p\u0142ci. Faktem jest jednak, \u017ce gdyby nie inicjatywa Kongresu Kobiet z 2009 nie dosz\u0142oby do zmiany Ordynacji wyborczej, a pokutuj\u0105ce w spo\u0142ecze\u0144stwie stereotypy \u015bci\u015ble zwi\u0105zane z p\u0142ci\u0105 kulturow\u0105 (zestaw norm dotycz\u0105cych wszystkiego tego, co w danej kulturze i spo\u0142ecze\u0144stwie jest uwa\u017cane za odpowiednie dla kobiety, dziewczynki, m\u0119\u017cczyzny, ch\u0142opca) kobiety nie otrzyma\u0142yby szansy na wyrwanie si\u0119 z ogranicze\u0144 przypisanych przez dotychczasowe role spo\u0142eczne.&nbsp;<\/p>\n\n\n\n<h3 class=\"wp-block-heading\">Dzisiejsze feministki<\/h3>\n\n\n\n<p>Wsp\u00f3\u0142czesna wyzwolona kobieta jest \u015bwiadoma swojej warto\u015bci i praw, spe\u0142nia si\u0119 zawodowo. Czasy, gdy jedyn\u0105 rol\u0105 kobiety by\u0142o piel\u0119gnowanie ogniska domowego i wychowywanie dzieci posz\u0142y w zapomnienie. Nie jeste\u015bmy ju\u017c wykluczane z \u017cycia naukowego, czy politycznego. I cho\u0107 dzia\u0142ania dzisiejszych feministek nie s\u0105 tak spektakularne jak ubieg\u0142owiecznych prekursorek, to przyczyniaj\u0105 si\u0119 do umacniania praw, kt\u00f3re zosta\u0142y ju\u017c wywalczone, ale niekoniecznie s\u0105 respektowane.<\/p>\n\n\n\n<p>Mo\u017ce \u0142atwo mi poddawa\u0107 w w\u0105tpliwo\u015b\u0107 niekt\u00f3re dzia\u0142ania ruchu feministycznego, bo czerpi\u0119 z dorobku wypracowanego przez emancypantki, korzystam z prawa do samostanowienia, nie zdaj\u0105c sobie sprawy jak mog\u0142oby wygl\u0105da\u0107 moje \u017cycie, gdybym by\u0142a sprowadzona li tylko do roli gospodyni domowej. Nie pr\u00f3buj\u0119 te\u017c deprecjonowa\u0107 roli kobiet nieaktywnych zawodowo. Wa\u017cna jest wolno\u015b\u0107 w dokonywaniu wybor\u00f3w i mo\u017cliwo\u015b\u0107 kierowania w\u0142asnym \u017cyciem z pozycji CZ\u0141OWIEKA, a nie kobiety lub m\u0119\u017cczyzny.&nbsp;<\/p>\n\n\n\n<p>I je\u015bli co\u015b mnie jeszcze uwiera to j\u0119zyk, jakim pos\u0142uguj\u0105 si\u0119 feministki. Jednym z centralnych zagadnie\u0144 ruchu feministycznego jest \u201ewalka z m\u0119sk\u0105 dominacj\u0105 j\u0119zykow\u0105\u201d. Wg mnie upieranie si\u0119 przy \u017ce\u0144skich przyrostkach gdzie si\u0119 da (a jak si\u0119 nie da, to udowodnimy, \u017ce da si\u0119) jest co najmniej lekko zabawne:<\/p>\n\n\n\n<ul class=\"wp-block-list\"><li>minister &#8211; ministra<\/li><li>murarz &#8211; murarka<\/li><li>psycholog &#8211; psycholo\u017cka<\/li><li>\u017co\u0142nierz &#8211; \u017co\u0142nierka<\/li><li>drukarz &#8211; drukarka<\/li><li>naukowiec &#8211; naukowczyni<\/li><li>major &#8211; majorka<\/li><li>kierowca &#8211; kierowczyni<\/li><\/ul>\n\n\n\n<h3 class=\"wp-block-heading\">Problem z feministkami<\/h3>\n\n\n\n<p>Rozpisa\u0142am si\u0119 i dalej nie wiem, do kt\u00f3rej szuflady si\u0119 w\u0142o\u017cy\u0107. Z pewno\u015bci\u0105 nie jestem feministk\u0105, ale z wieloma postulatami feministycznymi si\u0119 zgadzam. Antyfeministk\u0105 mog\u0142abym by\u0107, ale tylko po cz\u0119\u015bci. Mo\u017ce \u0142atwiej by\u0142oby mi, gdyby feministki skupi\u0142y si\u0119 na dzia\u0142aniu bez jawnej wrogo\u015bci do \u015brodowiska m\u0119skiego. Starania o indywidualne i seksualne stanowienie, r\u00f3wne traktowanie zwi\u0105zk\u00f3w hetero- i homoseksualnych, ekologia i prawa obywatelskie b\u0119d\u0105 mia\u0142y wi\u0119ksze szanse powodzenia, je\u015bli wyst\u0105pimy RAZEM jako spo\u0142ecze\u0144stwo.  <\/p>\n\n\n\n<p>Mo\u017ce wi\u0119c zostan\u0119 przy stwierdzeniu, \u017ce jestem kobiet\u0105. Kobiet\u0105, kt\u00f3ra lubi gotowa\u0107 (ale nie lubi, by j\u0105 do tego zmusza\u0107), ch\u0119tnie korzysta z m\u0119skiego wsparcia przy wnoszeniu zakup\u00f3w na drugie pi\u0119tro, pierze, prasuje i takie tam, ale gdy zechce odpala motocykl. <\/p>\n\n\n\n<p>Bo kto powiedzia\u0142, \u017ce tylko m\u0119\u017cczyznom wolno?&nbsp;<\/p>\n<!-- AddThis Advanced Settings generic via filter on the_content --><!-- AddThis Share Buttons generic via filter on the_content -->","protected":false},"excerpt":{"rendered":"<p>Nie rozumiem feminizmu. Zawsze deklarowa\u0142am si\u0119 jako antyfeministka, ale bardziej z przekory, ni\u017c przekonania.&nbsp;&nbsp;Wojuj\u0105ce feministki walcz\u0105ce o r\u00f3wnouprawnienie przy jednoczesnym domaganiu si\u0119 szanowania ich kobieco\u015bci i id\u0105cych za tym ogranicze\u0144 przecz\u0105 samym sobie. Bo o ile maj\u0105 potrzeb\u0119 piastowania wysokich stanowisk na r\u00f3wni z m\u0119\u017cczyznami, tak brakuje im ju\u017c wyobra\u017ani w momencie, w kt\u00f3rym mia\u0142yby zjecha\u0107 z kilofem w r\u0119ku na przodek korytarza w kopalni. Niejedna ofuka\u0142aby tego, kt\u00f3ry w drzwiach puszcza\u0142by j\u0105 przodem, druga z kolei odmienny scenariusz&nbsp;&nbsp;uzna\u0142aby za brak szacunku. I b\u0105d\u017a tu m\u0105dry cz\u0142owieku.&nbsp; Definicja feminizmu W Czarny Poniedzia\u0142ek ubra\u0142am si\u0119 adekwatnie do postulat\u00f3w (czyli jak na pogrzeb), a po pracy pop\u0119dzi\u0142am na Og\u00f3lnopolski Strajk Kobiet protestowa\u0107 przeciwko ca\u0142kowitemu zakazowi aborcji. Gdzie tu logika. Jestem feministk\u0105, czy nie jestem? \u017beby spr\u00f3bowa\u0107 odpowiedzie\u0107 na to pytanie trzeba feminizm najpierw zdefiniowa\u0107, tym bardziej, \u017ce najwidoczniej z poj\u0119ciem feminizmu mam problem.&nbsp; Definicja tak okre\u015bla feminizm: Ideologia, kierunek polityczny i ruch spo\u0142eczny zwi\u0105zany z r\u00f3wnouprawnieniem kobiet. (&#8230;) Podstaw\u0105 programu feminizmu jest d\u0105\u017cenie do emancypacji kobiet i r\u00f3wnouprawnienie p\u0142ci, zar\u00f3wno pod wzgl\u0119dem formalnym jak i faktycznym. Feminizm zajmuje si\u0119 te\u017c problemem kobieco\u015bci, konstrukcj\u0105 p\u0142ci kulturowej oraz zwi\u0119kszeniem udzia\u0142u kobiet w r\u00f3\u017cnych obszarach \u017cycia.&nbsp; Id\u0105c g\u0142\u0119biej okazuje si\u0119, \u017ce obecnie dotyka nas feminizm trzeciej fali (jak sama nazwa wskazuje fala pierwsza i druga mia\u0142y sw\u00f3j czas w dziejach \u015bwiata).&nbsp; Przekonanie, \u017ce uwarunkowania biologiczne predysponuj\u0105 kobiety i m\u0119\u017cczyzn do spe\u0142niania si\u0119 na r\u00f3\u017cnych (odmiennych) p\u0142aszczyznach czyni mnie (wg definicji) antyfeministk\u0105.&nbsp; Pisz\u0119 to z pe\u0142n\u0105 \u015bwiadomo\u015bci\u0105, \u017ce niejedna czytelniczka przeklnie mnie po wsze czasy. Drogie panie, nie jest win\u0105 m\u0119\u017cczyzn, \u017ce nie mog\u0105 rodzi\u0107 dzieci i karmi\u0107 ich piersi\u0105. Pretensje nale\u017cy kierowa\u0107 do Matki Natury (tudzie\u017c Boga lub &#8211; jakby niejedna feministka wola\u0142a &#8211; Bogini). Z pracami wymagaj\u0105cymi du\u017cego wysi\u0142ku fizycznego \u0142atwiej poradzi sobie m\u0119ska r\u0119ka. Widzia\u0142y\u015bcie, \u017ceby kobiety naprawia\u0142y samochody, wykonywa\u0142y prace spawalnicze lub pracowa\u0142y na platformach wiertniczych? Nie \u017ce powinno by\u0107 zabronione, ale czy aby na pewno WSKAZANE? Definicja antyfeminizmu Mo\u017cna wyr\u00f3\u017cni\u0107 dwie zasadnicze odmiany antyfeminizmu. Dla pierwszej z nich nier\u00f3wno\u015bci w pozycji p\u0142ci maj\u0105 charakter nadnaturalny. Jest to antyfeminizm zwi\u0105zany najcz\u0119\u015bciej ze \u015bwiatopogl\u0105dem religijnym. Druga odmiana antyfeminizmu widzi \u017ar\u00f3d\u0142a nier\u00f3wno\u015bci w przyczynach naturalnych, najcz\u0119\u015bciej biologicznych. Wypisz wymaluj ca\u0142a ja (przyjemniej drugi cz\u0142on definicji jest sp\u00f3jny z moim my\u015bleniem).&nbsp;&nbsp; Zanim mnie spalicie na stosie g\u0142o\u015bno i wyra\u017anie pragn\u0119 zaznaczy\u0107, \u017ce antyfeminizm nie jest to\u017csamy z seksizmem i mizogini\u0105. Temu si\u0119 stanowczo sprzeciwiam, a mam czemu, wierzcie mi. Kilka lat pracowa\u0142am w \u015brodowisku stricte m\u0119skim, a obecnie w bran\u017cy zdominowanej przez p\u0142e\u0107 m\u0119sk\u0105. Wielokrotnie do\u015bwiadczy\u0142am i do\u015bwiadczam dyskryminacji z powodu p\u0142ci.&nbsp; Trzy fale feminizmu Wspomnia\u0142am o trzech falach feminizmu. Kr\u00f3tko na jaki okres przypadaj\u0105 i w czym si\u0119 przejawiaj\u0105.&nbsp; Pierwsza fala (tzw. dawna fala) 1840-1920. Aktywno\u015b\u0107 ruchu ameryka\u0144skich i angielskich sufra\u017cystek, reforma prawa rodzinnego, wyborczego, ekonomicznego. W Polsce pe\u0142ne prawa wyborcze kobiety uzyska\u0142y w 1920 roku.&nbsp; Druga fala lata 60. i 70. XX wieku. R\u00f3wnouprawnienie na rynku pracy, kobieca seksualno\u015b\u0107, prawo do aborcji. Trzecia fala od lat 80. XX wieku do dnia dzisiejszego. Po\u0142\u0105czenie my\u015bli ze wsp\u00f3\u0142czesnymi nurtami. Skutek narastaj\u0105cej konserwatywnej reakcji na postulaty \u201edrugiej fali\u201d spowodowa\u0142 cofni\u0119cie wielu politycznych osi\u0105gni\u0119\u0107. Kr\u00f3tko m\u00f3wi\u0105c, zdaniem konserwatyst\u00f3w kobiety dosta\u0142y to, o co walczy\u0142y (r\u00f3wnouprawnienie), wi\u0119c feminizm zacz\u0105\u0142 im szkodzi\u0107 (!) Dorzu\u0107my do tego kwestie rasowe, etniczne, religijne, ekonomiczne i mamy mniej wi\u0119cej zarysowany obszar aktywno\u015bci dzisiejszego ruchu feministycznego.&nbsp; Parytety Nie zgadzam si\u0119 na patriarchat, ale nie uwa\u017cam te\u017c, \u017ceby parytety stanowi\u0142y rozwi\u0105zanie problemu. Nie jest wg mnie w\u0142a\u015bciwe zapewnianie r\u00f3wnego udzia\u0142u (50\/50) reprezentantek i reprezentant\u00f3w obu p\u0142ci np. na listach wyborczych (ustawa parytetowa wesz\u0142a w \u017cycie w pa\u017adzierniku 2011 r.). Stanowiska w rz\u0105dzie powinny by\u0107 obsadzane adekwatnie do wiedzy i umiej\u0119tno\u015bci niezale\u017cnie od p\u0142ci. Faktem jest jednak, \u017ce gdyby nie inicjatywa Kongresu Kobiet z 2009 nie dosz\u0142oby do zmiany Ordynacji wyborczej, a pokutuj\u0105ce w spo\u0142ecze\u0144stwie stereotypy \u015bci\u015ble zwi\u0105zane z p\u0142ci\u0105 kulturow\u0105 (zestaw norm dotycz\u0105cych wszystkiego tego, co w danej kulturze i spo\u0142ecze\u0144stwie jest uwa\u017cane za odpowiednie dla kobiety, dziewczynki, m\u0119\u017cczyzny, ch\u0142opca) kobiety nie otrzyma\u0142yby szansy na wyrwanie si\u0119 z ogranicze\u0144 przypisanych przez dotychczasowe role spo\u0142eczne.&nbsp; Dzisiejsze feministki Wsp\u00f3\u0142czesna wyzwolona kobieta jest \u015bwiadoma swojej warto\u015bci i praw, spe\u0142nia si\u0119 zawodowo. Czasy, gdy jedyn\u0105 rol\u0105 kobiety by\u0142o piel\u0119gnowanie ogniska domowego i wychowywanie dzieci posz\u0142y w zapomnienie. Nie jeste\u015bmy ju\u017c wykluczane z \u017cycia naukowego, czy politycznego. I cho\u0107 dzia\u0142ania dzisiejszych feministek nie s\u0105 tak spektakularne jak ubieg\u0142owiecznych prekursorek, to przyczyniaj\u0105 si\u0119 do umacniania praw, kt\u00f3re zosta\u0142y ju\u017c wywalczone, ale niekoniecznie s\u0105 respektowane. Mo\u017ce \u0142atwo mi poddawa\u0107 w w\u0105tpliwo\u015b\u0107 niekt\u00f3re dzia\u0142ania ruchu feministycznego, bo czerpi\u0119 z dorobku wypracowanego przez emancypantki, korzystam z prawa do samostanowienia, nie zdaj\u0105c sobie sprawy jak mog\u0142oby wygl\u0105da\u0107 moje \u017cycie, gdybym by\u0142a sprowadzona li tylko do roli gospodyni domowej. Nie pr\u00f3buj\u0119 te\u017c deprecjonowa\u0107 roli kobiet nieaktywnych zawodowo. Wa\u017cna jest wolno\u015b\u0107 w dokonywaniu wybor\u00f3w i mo\u017cliwo\u015b\u0107 kierowania w\u0142asnym \u017cyciem z pozycji CZ\u0141OWIEKA, a nie kobiety lub m\u0119\u017cczyzny.&nbsp; I je\u015bli co\u015b mnie jeszcze uwiera to j\u0119zyk, jakim pos\u0142uguj\u0105 si\u0119 feministki. Jednym z centralnych zagadnie\u0144 ruchu feministycznego jest \u201ewalka z m\u0119sk\u0105 dominacj\u0105 j\u0119zykow\u0105\u201d. Wg mnie upieranie si\u0119 przy \u017ce\u0144skich przyrostkach gdzie si\u0119 da (a jak si\u0119 nie da, to udowodnimy, \u017ce da si\u0119) jest co najmniej lekko zabawne: minister &#8211; ministra murarz &#8211; murarka psycholog &#8211; psycholo\u017cka \u017co\u0142nierz &#8211; \u017co\u0142nierka drukarz &#8211; drukarka naukowiec &#8211; naukowczyni major &#8211; majorka kierowca &#8211; kierowczyni Problem z feministkami Rozpisa\u0142am si\u0119 i dalej nie wiem, do kt\u00f3rej szuflady si\u0119 w\u0142o\u017cy\u0107. Z pewno\u015bci\u0105 nie jestem feministk\u0105, ale z wieloma postulatami feministycznymi si\u0119 zgadzam. Antyfeministk\u0105 mog\u0142abym by\u0107, ale tylko po cz\u0119\u015bci. Mo\u017ce \u0142atwiej by\u0142oby mi, gdyby feministki skupi\u0142y si\u0119 na dzia\u0142aniu bez jawnej wrogo\u015bci do \u015brodowiska m\u0119skiego. Starania o indywidualne i seksualne stanowienie, r\u00f3wne traktowanie zwi\u0105zk\u00f3w hetero- i homoseksualnych, ekologia i prawa obywatelskie b\u0119d\u0105 mia\u0142y wi\u0119ksze szanse powodzenia, je\u015bli wyst\u0105pimy RAZEM jako spo\u0142ecze\u0144stwo. Mo\u017ce wi\u0119c zostan\u0119 przy stwierdzeniu, \u017ce jestem kobiet\u0105. Kobiet\u0105, kt\u00f3ra lubi gotowa\u0107 (ale nie lubi, by j\u0105 do tego zmusza\u0107), ch\u0119tnie korzysta z m\u0119skiego wsparcia przy wnoszeniu zakup\u00f3w na drugie pi\u0119tro, pierze, prasuje i takie tam, ale gdy zechce odpala motocykl. Bo kto powiedzia\u0142, \u017ce tylko m\u0119\u017cczyznom wolno?&nbsp;<!-- AddThis Advanced Settings generic via filter on get_the_excerpt --><!-- AddThis Share Buttons generic via filter on get_the_excerpt --><\/p>\n","protected":false},"author":1,"featured_media":595,"comment_status":"open","ping_status":"open","sticky":false,"template":"","format":"standard","meta":{"_exactmetrics_skip_tracking":false,"_exactmetrics_sitenote_active":false,"_exactmetrics_sitenote_note":"","_exactmetrics_sitenote_category":0,"_monsterinsights_skip_tracking":false,"_monsterinsights_sitenote_active":false,"_monsterinsights_sitenote_note":"","_monsterinsights_sitenote_category":0,"footnotes":""},"categories":[13],"tags":[258,254,253,57,257,255,256,4],"class_list":["post-435","post","type-post","status-publish","format-standard","has-post-thumbnail","hentry","category-codziennik","tag-emancypacja","tag-feministka","tag-feminizm","tag-kobiety","tag-rownouprawnienie","tag-sufrazystki","tag-walczacy-feminizm","tag-zaneta-pawlik"],"yoast_head":"<!-- This site is optimized with the Yoast SEO plugin v27.3 - https:\/\/yoast.com\/product\/yoast-seo-wordpress\/ -->\n<title>Problem z feministkami - \u017baneta Pawlik<\/title>\n<meta name=\"description\" content=\"Nie wiem, czy jestem feministk\u0105, czy antyfeministk\u0105. Doceniam sufra\u017cystki, jestem za r\u00f3wnouprawnieniem, ale mam problem z feministkami.\" \/>\n<meta name=\"robots\" content=\"index, follow, max-snippet:-1, max-image-preview:large, max-video-preview:-1\" \/>\n<link rel=\"canonical\" href=\"https:\/\/zanetapawlik.pl\/index.php\/2021\/03\/20\/problem-z-feministkami\/\" \/>\n<meta property=\"og:locale\" content=\"pl_PL\" \/>\n<meta property=\"og:type\" content=\"article\" \/>\n<meta property=\"og:title\" content=\"Problem z feministkami - \u017baneta Pawlik\" \/>\n<meta property=\"og:description\" content=\"Nie wiem, czy jestem feministk\u0105, czy antyfeministk\u0105. Doceniam sufra\u017cystki, jestem za r\u00f3wnouprawnieniem, ale mam problem z feministkami.\" \/>\n<meta property=\"og:url\" content=\"https:\/\/zanetapawlik.pl\/index.php\/2021\/03\/20\/problem-z-feministkami\/\" \/>\n<meta property=\"og:site_name\" content=\"\u017baneta Pawlik\" \/>\n<meta property=\"article:author\" content=\"@zanetapawlik.autorka\" \/>\n<meta property=\"article:published_time\" content=\"2021-03-20T14:39:39+00:00\" \/>\n<meta property=\"article:modified_time\" content=\"2021-03-20T14:39:41+00:00\" \/>\n<meta property=\"og:image\" content=\"https:\/\/zanetapawlik.pl\/wp-content\/uploads\/2021\/03\/Problem-z-feministkami.jpg\" \/>\n\t<meta property=\"og:image:width\" content=\"640\" \/>\n\t<meta property=\"og:image:height\" content=\"426\" \/>\n\t<meta property=\"og:image:type\" content=\"image\/jpeg\" \/>\n<meta name=\"author\" content=\"\u017baneta Pawlik\" \/>\n<meta name=\"twitter:card\" content=\"summary_large_image\" \/>\n<meta name=\"twitter:label1\" content=\"Napisane przez\" \/>\n\t<meta name=\"twitter:data1\" content=\"\u017baneta Pawlik\" \/>\n\t<meta name=\"twitter:label2\" content=\"Szacowany czas czytania\" \/>\n\t<meta name=\"twitter:data2\" content=\"5 minut\" \/>\n<script type=\"application\/ld+json\" class=\"yoast-schema-graph\">{\"@context\":\"https:\\\/\\\/schema.org\",\"@graph\":[{\"@type\":\"Article\",\"@id\":\"https:\\\/\\\/zanetapawlik.pl\\\/index.php\\\/2021\\\/03\\\/20\\\/problem-z-feministkami\\\/#article\",\"isPartOf\":{\"@id\":\"https:\\\/\\\/zanetapawlik.pl\\\/index.php\\\/2021\\\/03\\\/20\\\/problem-z-feministkami\\\/\"},\"author\":{\"name\":\"\u017baneta Pawlik\",\"@id\":\"https:\\\/\\\/zanetapawlik.pl\\\/#\\\/schema\\\/person\\\/c3aba1d003bc4d96d317c5d1601fa5f3\"},\"headline\":\"Problem z feministkami\",\"datePublished\":\"2021-03-20T14:39:39+00:00\",\"dateModified\":\"2021-03-20T14:39:41+00:00\",\"mainEntityOfPage\":{\"@id\":\"https:\\\/\\\/zanetapawlik.pl\\\/index.php\\\/2021\\\/03\\\/20\\\/problem-z-feministkami\\\/\"},\"wordCount\":1216,\"commentCount\":0,\"image\":{\"@id\":\"https:\\\/\\\/zanetapawlik.pl\\\/index.php\\\/2021\\\/03\\\/20\\\/problem-z-feministkami\\\/#primaryimage\"},\"thumbnailUrl\":\"https:\\\/\\\/zanetapawlik.pl\\\/wp-content\\\/uploads\\\/2021\\\/03\\\/Problem-z-feministkami.jpg\",\"keywords\":[\"emancypacja\",\"feministka\",\"feminizm\",\"kobiety\",\"r\u00f3wnouprawnienie\",\"sufra\u017cystki\",\"walcz\u0105cy feminizm\",\"zaneta pawlik\"],\"articleSection\":[\"codziennik\"],\"inLanguage\":\"pl-PL\",\"potentialAction\":[{\"@type\":\"CommentAction\",\"name\":\"Comment\",\"target\":[\"https:\\\/\\\/zanetapawlik.pl\\\/index.php\\\/2021\\\/03\\\/20\\\/problem-z-feministkami\\\/#respond\"]}]},{\"@type\":\"WebPage\",\"@id\":\"https:\\\/\\\/zanetapawlik.pl\\\/index.php\\\/2021\\\/03\\\/20\\\/problem-z-feministkami\\\/\",\"url\":\"https:\\\/\\\/zanetapawlik.pl\\\/index.php\\\/2021\\\/03\\\/20\\\/problem-z-feministkami\\\/\",\"name\":\"Problem z feministkami - \u017baneta Pawlik\",\"isPartOf\":{\"@id\":\"https:\\\/\\\/zanetapawlik.pl\\\/#website\"},\"primaryImageOfPage\":{\"@id\":\"https:\\\/\\\/zanetapawlik.pl\\\/index.php\\\/2021\\\/03\\\/20\\\/problem-z-feministkami\\\/#primaryimage\"},\"image\":{\"@id\":\"https:\\\/\\\/zanetapawlik.pl\\\/index.php\\\/2021\\\/03\\\/20\\\/problem-z-feministkami\\\/#primaryimage\"},\"thumbnailUrl\":\"https:\\\/\\\/zanetapawlik.pl\\\/wp-content\\\/uploads\\\/2021\\\/03\\\/Problem-z-feministkami.jpg\",\"datePublished\":\"2021-03-20T14:39:39+00:00\",\"dateModified\":\"2021-03-20T14:39:41+00:00\",\"author\":{\"@id\":\"https:\\\/\\\/zanetapawlik.pl\\\/#\\\/schema\\\/person\\\/c3aba1d003bc4d96d317c5d1601fa5f3\"},\"description\":\"Nie wiem, czy jestem feministk\u0105, czy antyfeministk\u0105. Doceniam sufra\u017cystki, jestem za r\u00f3wnouprawnieniem, ale mam problem z feministkami.\",\"breadcrumb\":{\"@id\":\"https:\\\/\\\/zanetapawlik.pl\\\/index.php\\\/2021\\\/03\\\/20\\\/problem-z-feministkami\\\/#breadcrumb\"},\"inLanguage\":\"pl-PL\",\"potentialAction\":[{\"@type\":\"ReadAction\",\"target\":[\"https:\\\/\\\/zanetapawlik.pl\\\/index.php\\\/2021\\\/03\\\/20\\\/problem-z-feministkami\\\/\"]}]},{\"@type\":\"ImageObject\",\"inLanguage\":\"pl-PL\",\"@id\":\"https:\\\/\\\/zanetapawlik.pl\\\/index.php\\\/2021\\\/03\\\/20\\\/problem-z-feministkami\\\/#primaryimage\",\"url\":\"https:\\\/\\\/zanetapawlik.pl\\\/wp-content\\\/uploads\\\/2021\\\/03\\\/Problem-z-feministkami.jpg\",\"contentUrl\":\"https:\\\/\\\/zanetapawlik.pl\\\/wp-content\\\/uploads\\\/2021\\\/03\\\/Problem-z-feministkami.jpg\",\"width\":640,\"height\":426},{\"@type\":\"BreadcrumbList\",\"@id\":\"https:\\\/\\\/zanetapawlik.pl\\\/index.php\\\/2021\\\/03\\\/20\\\/problem-z-feministkami\\\/#breadcrumb\",\"itemListElement\":[{\"@type\":\"ListItem\",\"position\":1,\"name\":\"Strona g\u0142\u00f3wna\",\"item\":\"https:\\\/\\\/zanetapawlik.pl\\\/\"},{\"@type\":\"ListItem\",\"position\":2,\"name\":\"Problem z feministkami\"}]},{\"@type\":\"WebSite\",\"@id\":\"https:\\\/\\\/zanetapawlik.pl\\\/#website\",\"url\":\"https:\\\/\\\/zanetapawlik.pl\\\/\",\"name\":\"\u017baneta Pawlik\",\"description\":\"Powie\u015bciopisarka\",\"potentialAction\":[{\"@type\":\"SearchAction\",\"target\":{\"@type\":\"EntryPoint\",\"urlTemplate\":\"https:\\\/\\\/zanetapawlik.pl\\\/?s={search_term_string}\"},\"query-input\":{\"@type\":\"PropertyValueSpecification\",\"valueRequired\":true,\"valueName\":\"search_term_string\"}}],\"inLanguage\":\"pl-PL\"},{\"@type\":\"Person\",\"@id\":\"https:\\\/\\\/zanetapawlik.pl\\\/#\\\/schema\\\/person\\\/c3aba1d003bc4d96d317c5d1601fa5f3\",\"name\":\"\u017baneta Pawlik\",\"image\":{\"@type\":\"ImageObject\",\"inLanguage\":\"pl-PL\",\"@id\":\"https:\\\/\\\/secure.gravatar.com\\\/avatar\\\/4072617b0a1b582d78fe1595062a81c5ec8f9c6bc9a08453b48537ae92a28d5b?s=96&d=mm&r=g\",\"url\":\"https:\\\/\\\/secure.gravatar.com\\\/avatar\\\/4072617b0a1b582d78fe1595062a81c5ec8f9c6bc9a08453b48537ae92a28d5b?s=96&d=mm&r=g\",\"contentUrl\":\"https:\\\/\\\/secure.gravatar.com\\\/avatar\\\/4072617b0a1b582d78fe1595062a81c5ec8f9c6bc9a08453b48537ae92a28d5b?s=96&d=mm&r=g\",\"caption\":\"\u017baneta Pawlik\"},\"sameAs\":[\"@zanetapawlik.autorka\"],\"url\":\"https:\\\/\\\/zanetapawlik.pl\\\/index.php\\\/author\\\/usrob\\\/\"}]}<\/script>\n<!-- \/ Yoast SEO plugin. -->","yoast_head_json":{"title":"Problem z feministkami - \u017baneta Pawlik","description":"Nie wiem, czy jestem feministk\u0105, czy antyfeministk\u0105. Doceniam sufra\u017cystki, jestem za r\u00f3wnouprawnieniem, ale mam problem z feministkami.","robots":{"index":"index","follow":"follow","max-snippet":"max-snippet:-1","max-image-preview":"max-image-preview:large","max-video-preview":"max-video-preview:-1"},"canonical":"https:\/\/zanetapawlik.pl\/index.php\/2021\/03\/20\/problem-z-feministkami\/","og_locale":"pl_PL","og_type":"article","og_title":"Problem z feministkami - \u017baneta Pawlik","og_description":"Nie wiem, czy jestem feministk\u0105, czy antyfeministk\u0105. Doceniam sufra\u017cystki, jestem za r\u00f3wnouprawnieniem, ale mam problem z feministkami.","og_url":"https:\/\/zanetapawlik.pl\/index.php\/2021\/03\/20\/problem-z-feministkami\/","og_site_name":"\u017baneta Pawlik","article_author":"@zanetapawlik.autorka","article_published_time":"2021-03-20T14:39:39+00:00","article_modified_time":"2021-03-20T14:39:41+00:00","og_image":[{"width":640,"height":426,"url":"https:\/\/zanetapawlik.pl\/wp-content\/uploads\/2021\/03\/Problem-z-feministkami.jpg","type":"image\/jpeg"}],"author":"\u017baneta Pawlik","twitter_card":"summary_large_image","twitter_misc":{"Napisane przez":"\u017baneta Pawlik","Szacowany czas czytania":"5 minut"},"schema":{"@context":"https:\/\/schema.org","@graph":[{"@type":"Article","@id":"https:\/\/zanetapawlik.pl\/index.php\/2021\/03\/20\/problem-z-feministkami\/#article","isPartOf":{"@id":"https:\/\/zanetapawlik.pl\/index.php\/2021\/03\/20\/problem-z-feministkami\/"},"author":{"name":"\u017baneta Pawlik","@id":"https:\/\/zanetapawlik.pl\/#\/schema\/person\/c3aba1d003bc4d96d317c5d1601fa5f3"},"headline":"Problem z feministkami","datePublished":"2021-03-20T14:39:39+00:00","dateModified":"2021-03-20T14:39:41+00:00","mainEntityOfPage":{"@id":"https:\/\/zanetapawlik.pl\/index.php\/2021\/03\/20\/problem-z-feministkami\/"},"wordCount":1216,"commentCount":0,"image":{"@id":"https:\/\/zanetapawlik.pl\/index.php\/2021\/03\/20\/problem-z-feministkami\/#primaryimage"},"thumbnailUrl":"https:\/\/zanetapawlik.pl\/wp-content\/uploads\/2021\/03\/Problem-z-feministkami.jpg","keywords":["emancypacja","feministka","feminizm","kobiety","r\u00f3wnouprawnienie","sufra\u017cystki","walcz\u0105cy feminizm","zaneta pawlik"],"articleSection":["codziennik"],"inLanguage":"pl-PL","potentialAction":[{"@type":"CommentAction","name":"Comment","target":["https:\/\/zanetapawlik.pl\/index.php\/2021\/03\/20\/problem-z-feministkami\/#respond"]}]},{"@type":"WebPage","@id":"https:\/\/zanetapawlik.pl\/index.php\/2021\/03\/20\/problem-z-feministkami\/","url":"https:\/\/zanetapawlik.pl\/index.php\/2021\/03\/20\/problem-z-feministkami\/","name":"Problem z feministkami - \u017baneta Pawlik","isPartOf":{"@id":"https:\/\/zanetapawlik.pl\/#website"},"primaryImageOfPage":{"@id":"https:\/\/zanetapawlik.pl\/index.php\/2021\/03\/20\/problem-z-feministkami\/#primaryimage"},"image":{"@id":"https:\/\/zanetapawlik.pl\/index.php\/2021\/03\/20\/problem-z-feministkami\/#primaryimage"},"thumbnailUrl":"https:\/\/zanetapawlik.pl\/wp-content\/uploads\/2021\/03\/Problem-z-feministkami.jpg","datePublished":"2021-03-20T14:39:39+00:00","dateModified":"2021-03-20T14:39:41+00:00","author":{"@id":"https:\/\/zanetapawlik.pl\/#\/schema\/person\/c3aba1d003bc4d96d317c5d1601fa5f3"},"description":"Nie wiem, czy jestem feministk\u0105, czy antyfeministk\u0105. Doceniam sufra\u017cystki, jestem za r\u00f3wnouprawnieniem, ale mam problem z feministkami.","breadcrumb":{"@id":"https:\/\/zanetapawlik.pl\/index.php\/2021\/03\/20\/problem-z-feministkami\/#breadcrumb"},"inLanguage":"pl-PL","potentialAction":[{"@type":"ReadAction","target":["https:\/\/zanetapawlik.pl\/index.php\/2021\/03\/20\/problem-z-feministkami\/"]}]},{"@type":"ImageObject","inLanguage":"pl-PL","@id":"https:\/\/zanetapawlik.pl\/index.php\/2021\/03\/20\/problem-z-feministkami\/#primaryimage","url":"https:\/\/zanetapawlik.pl\/wp-content\/uploads\/2021\/03\/Problem-z-feministkami.jpg","contentUrl":"https:\/\/zanetapawlik.pl\/wp-content\/uploads\/2021\/03\/Problem-z-feministkami.jpg","width":640,"height":426},{"@type":"BreadcrumbList","@id":"https:\/\/zanetapawlik.pl\/index.php\/2021\/03\/20\/problem-z-feministkami\/#breadcrumb","itemListElement":[{"@type":"ListItem","position":1,"name":"Strona g\u0142\u00f3wna","item":"https:\/\/zanetapawlik.pl\/"},{"@type":"ListItem","position":2,"name":"Problem z feministkami"}]},{"@type":"WebSite","@id":"https:\/\/zanetapawlik.pl\/#website","url":"https:\/\/zanetapawlik.pl\/","name":"\u017baneta Pawlik","description":"Powie\u015bciopisarka","potentialAction":[{"@type":"SearchAction","target":{"@type":"EntryPoint","urlTemplate":"https:\/\/zanetapawlik.pl\/?s={search_term_string}"},"query-input":{"@type":"PropertyValueSpecification","valueRequired":true,"valueName":"search_term_string"}}],"inLanguage":"pl-PL"},{"@type":"Person","@id":"https:\/\/zanetapawlik.pl\/#\/schema\/person\/c3aba1d003bc4d96d317c5d1601fa5f3","name":"\u017baneta Pawlik","image":{"@type":"ImageObject","inLanguage":"pl-PL","@id":"https:\/\/secure.gravatar.com\/avatar\/4072617b0a1b582d78fe1595062a81c5ec8f9c6bc9a08453b48537ae92a28d5b?s=96&d=mm&r=g","url":"https:\/\/secure.gravatar.com\/avatar\/4072617b0a1b582d78fe1595062a81c5ec8f9c6bc9a08453b48537ae92a28d5b?s=96&d=mm&r=g","contentUrl":"https:\/\/secure.gravatar.com\/avatar\/4072617b0a1b582d78fe1595062a81c5ec8f9c6bc9a08453b48537ae92a28d5b?s=96&d=mm&r=g","caption":"\u017baneta Pawlik"},"sameAs":["@zanetapawlik.autorka"],"url":"https:\/\/zanetapawlik.pl\/index.php\/author\/usrob\/"}]}},"_links":{"self":[{"href":"https:\/\/zanetapawlik.pl\/index.php\/wp-json\/wp\/v2\/posts\/435","targetHints":{"allow":["GET"]}}],"collection":[{"href":"https:\/\/zanetapawlik.pl\/index.php\/wp-json\/wp\/v2\/posts"}],"about":[{"href":"https:\/\/zanetapawlik.pl\/index.php\/wp-json\/wp\/v2\/types\/post"}],"author":[{"embeddable":true,"href":"https:\/\/zanetapawlik.pl\/index.php\/wp-json\/wp\/v2\/users\/1"}],"replies":[{"embeddable":true,"href":"https:\/\/zanetapawlik.pl\/index.php\/wp-json\/wp\/v2\/comments?post=435"}],"version-history":[{"count":1,"href":"https:\/\/zanetapawlik.pl\/index.php\/wp-json\/wp\/v2\/posts\/435\/revisions"}],"predecessor-version":[{"id":436,"href":"https:\/\/zanetapawlik.pl\/index.php\/wp-json\/wp\/v2\/posts\/435\/revisions\/436"}],"wp:featuredmedia":[{"embeddable":true,"href":"https:\/\/zanetapawlik.pl\/index.php\/wp-json\/wp\/v2\/media\/595"}],"wp:attachment":[{"href":"https:\/\/zanetapawlik.pl\/index.php\/wp-json\/wp\/v2\/media?parent=435"}],"wp:term":[{"taxonomy":"category","embeddable":true,"href":"https:\/\/zanetapawlik.pl\/index.php\/wp-json\/wp\/v2\/categories?post=435"},{"taxonomy":"post_tag","embeddable":true,"href":"https:\/\/zanetapawlik.pl\/index.php\/wp-json\/wp\/v2\/tags?post=435"}],"curies":[{"name":"wp","href":"https:\/\/api.w.org\/{rel}","templated":true}]}}