{"id":371,"date":"2021-03-21T12:40:39","date_gmt":"2021-03-21T11:40:39","guid":{"rendered":"https:\/\/zanetapawlik.pl\/?p=371"},"modified":"2021-03-21T12:40:58","modified_gmt":"2021-03-21T11:40:58","slug":"palac-zamek-w-mosznej","status":"publish","type":"post","link":"https:\/\/zanetapawlik.pl\/index.php\/2021\/03\/21\/palac-zamek-w-mosznej\/","title":{"rendered":"Pa\u0142ac-Zamek w Mosznej"},"content":{"rendered":"\n<p>Dolno\u015bl\u0105skie obfituje w bogactwo zamk\u00f3w i pa\u0142ac\u00f3w, niestety spora cz\u0119\u015b\u0107 popada w ruin\u0119. Zupe\u0142nie inaczej jest z <strong>Pa\u0142acem w Mosznej<\/strong>, 30 km od Opola. Miejscowo\u015b\u0107 po\u0142o\u017cona na szlaku komunikacyjnym \u0142\u0105cz\u0105cym Prudnik z Krapkowicami poza pa\u0142acem zach\u0119ca do odwiedzin z powodu <a href=\"https:\/\/fabryka-robotow.business.site\/\" target=\"_blank\" rel=\"noreferrer noopener\" aria-label=\" (otwiera si\u0119 na nowej zak\u0142adce)\">Fabryki Robot\u00f3w<\/a>, kt\u00f3ra w 2019 roku zosta\u0142a nagrodzona Certyfikatem za Najlepszy Produkt Turystyczny Opolszczyzny. <\/p>\n\n\n\n<p>Przyznam, \u017ce ten tytu\u0142 nie brzmi zach\u0119caj\u0105co, samo otoczenie\nFabryki tak\u017ce nie wzbudzi\u0142o mojego zainteresowania, ale w \u015brodku nie by\u0142am,\nwi\u0119c w zasadzie nie mam zdania na jej temat. <\/p>\n\n\n\n<h2 class=\"wp-block-heading\">Pa\u0142ac w Mosznej &#8211; legenda<\/h2>\n\n\n\n<p>Wracaj\u0105c do <strong>Pa\u0142acu <\/strong>nazywanego <strong>Zamkiem<\/strong>. Legenda g\u0142osi, \u017ce w \u015bredniowieczu Moszna nale\u017ca\u0142a do Zakonu Templariuszy. W 1679 w\u0142a\u015bcicielami Mosznej sta\u0142a si\u0119 rodzina von Skall. Na bajkowy wygl\u0105d Pa\u0142acu &nbsp;sk\u0142ada si\u0119 365 pomieszcze\u0144, 99 wie\u017c i wie\u017cyczek. Dlaczego nie 100, powiem za chwil\u0119.<\/p>\n\n\n\n<p>Budowla powsta\u0142a w po\u0142owie XVII wieku, a eklektyczna bry\u0142a zosta\u0142a\nodbudowana po po\u017carze w 1896. Znawcy dostrzeg\u0105 go\u0142ym okiem po\u0142\u0105czenie styl\u00f3w:<\/p>\n\n\n\n<p>brakowa cz\u0119\u015b\u0107 \u015brodkowa, neogotyckie skrzyd\u0142o wschodnie oraz\nneorenesansowe skrzyd\u0142o zachodnie. <\/p>\n\n\n\n<p>Od 1945 zamek by\u0142 rezydencj\u0105 potentat\u00f3w przemys\u0142owych \u2013 <strong>\u015bl\u0105skiego rodu Tiele-Winckle\u00f3w<\/strong>. To im zawdzi\u0119cza sw\u00f3j obecny, lekko <strong>Disneyowski <\/strong>wygl\u0105d. Wed\u0142ug jednej z legend g\u0142\u00f3wny budowniczy \u2013 <strong>Franz Hubert Tiele-Winckler <\/strong>dopilnowa\u0142, \u017ceby wie\u017cyczek \u0142\u0105cznie by\u0142o 99, nie 100, gdy\u017c w\u00f3wczas musia\u0142by utrzymywa\u0107 garnizon wojska. Wed\u0142ug innej hrabia jako w\u0142a\u015bciciel 99 maj\u0105tk\u00f3w chcia\u0142 da\u0107 temu wyraz w liczbie wie\u017cyczek. <\/p>\n\n\n\n<div class=\"wp-block-image\"><figure class=\"aligncenter\"><img decoding=\"async\" src=\"https:\/\/odjechanazaneta.pl\/wp-content\/uploads\/2019\/10\/2-1024x576.jpg\" alt=\"\" class=\"wp-image-4145\"\/><\/figure><\/div>\n\n\n\n<h3 class=\"wp-block-heading\">Funkcje Pa\u0142acu w Mosznej na przestrzeni lat<\/h3>\n\n\n\n<p>W roku 1972 zamek funkcjonowa\u0142 jako szpital leczenia nerwic, a od 1972-2013 w pa\u0142acu mie\u015bci\u0142 si\u0119 <strong>Wojew\u00f3dzki O\u015brodek Profilaktyczno-Sanatoryjny<\/strong>. Od 2013 Urz\u0105d Marsza\u0142kowski powo\u0142a\u0142 sp\u00f3\u0142k\u0119 <strong>Zamek Moszna Sp. z o.o<\/strong>. i jest w\u0142a\u015bcicielem pa\u0142acu. <\/p>\n\n\n\n<p>Jak\u0105 funkcj\u0119 pe\u0142ni dzi\u015b pa\u0142ac? Mie\u015bci si\u0119 w nim <strong>hotel <\/strong>i <strong>restauracja<\/strong>, w niedalekiej odleg\u0142o\u015bci stadnina koni. Pa\u0142ac mo\u017cna zwiedza\u0107 za niewielk\u0105 op\u0142at\u0105 i pos\u0142ucha\u0107 jego historii z ust przewodnika. Mo\u017cna tak\u017ce pospacerowa\u0107 <strong>Alej\u0105 Lipow\u0105<\/strong>, kt\u00f3ra prowadzi do le\u015bnego parku kryj\u0105cego nekropoli\u0119 z prochami dawnych w\u0142a\u015bcicieli. Na moim <a aria-label=\" (otwiera si\u0119 na nowej zak\u0142adce)\" rel=\"noreferrer noopener\" href=\"https:\/\/www.youtube.com\/channel\/UCJIUSvwwnVnMMYFxPEooWLg\/?sub_confirmation=1\" target=\"_blank\">kanale YouTube <\/a>umie\u015bci\u0142am <a aria-label=\" (otwiera si\u0119 na nowej zak\u0142adce)\" rel=\"noreferrer noopener\" href=\"https:\/\/www.youtube.com\/watch?v=YHeM5abKEEE\" target=\"_blank\">film<\/a>, w kt\u00f3rym opisuj\u0119 kt\u00f3r\u0119dy nale\u017cy p\u00f3j\u015b\u0107, aby znale\u017a\u0107 mogi\u0142y. Przy okazji zapraszam Ci\u0119 do poczytania o nieczynnym cmentarzu w Zabrzu: \u201eStary Cmentarz. Tragiczne losy Polak\u00f3w i Niemc\u00f3w&#8221;. Je\u015bli wolisz obejrze\u0107 <a href=\"https:\/\/www.youtube.com\/watch?v=KMSSVI5iEO0\">film<\/a>, ju\u017c spiesz\u0119 z linkiem: \u201e<a aria-label=\"Stary Cmentarz. Tragiczne losy Polak\u00f3w i Niemc\u00f3w #30 (otwiera si\u0119 na nowej zak\u0142adce)\" rel=\"noreferrer noopener\" href=\"https:\/\/www.youtube.com\/watch?v=KMSSVI5iEO0\" target=\"_blank\">Stary Cmentarz. Tragiczne losy Polak\u00f3w i Niemc\u00f3w #30<\/a>\u201d.<\/p>\n\n\n\n<h3 class=\"wp-block-heading\">Ciekawostka!<\/h3>\n\n\n\n<p>Pa\u0142ac w Mosznej kojarzony nie tylko przez turyst\u00f3w, ale r\u00f3wnie\u017c <strong>kinoman\u00f3w<\/strong>. To tutaj w 1978 nakr\u0119cono \u201eTest pilota Prixa\u201d, a kilka lat p\u00f3\u017aniej \u201eLubi\u0119 nietoperze\u201d. <\/p>\n\n\n\n<p>Gdyby\u015bcie chcieli wynaj\u0105\u0107 apartament w hotelu uwa\u017cajcie na ducha pewnej guwernantki snuj\u0105cej si\u0119 po korytarzach. Dlaczego nawiedza <strong>Pa\u0142ac w Mosznej <\/strong>do dzi\u015b opowiadam w <a rel=\"noreferrer noopener\" aria-label=\" (otwiera si\u0119 na nowej zak\u0142adce)\" href=\"https:\/\/www.youtube.com\/watch?v=YHeM5abKEEE\" target=\"_blank\">filmie<\/a>. <\/p>\n\n\n\n<p>Wycieczka do Pa\u0142acu w Mosznej jest dobrym pomys\u0142em na spokojne popo\u0142udnie. Zbli\u017caj\u0105c si\u0119 do <strong>Zamku-Pa\u0142acu w Mosznej<\/strong> mo\u017cna odnie\u015b\u0107 wra\u017cenie, \u017ce wkracza si\u0119 do czarodziejskiego \u015bwiata ba\u015bni lub Disneylandu. <\/p>\n<!-- AddThis Advanced Settings generic via filter on the_content --><!-- AddThis Share Buttons generic via filter on the_content -->","protected":false},"excerpt":{"rendered":"<p>Dolno\u015bl\u0105skie obfituje w bogactwo zamk\u00f3w i pa\u0142ac\u00f3w, niestety spora cz\u0119\u015b\u0107 popada w ruin\u0119. Zupe\u0142nie inaczej jest z Pa\u0142acem w Mosznej, 30 km od Opola. Miejscowo\u015b\u0107 po\u0142o\u017cona na szlaku komunikacyjnym \u0142\u0105cz\u0105cym Prudnik z Krapkowicami poza pa\u0142acem zach\u0119ca do odwiedzin z powodu Fabryki Robot\u00f3w, kt\u00f3ra w 2019 roku zosta\u0142a nagrodzona Certyfikatem za Najlepszy Produkt Turystyczny Opolszczyzny. Przyznam, \u017ce ten tytu\u0142 nie brzmi zach\u0119caj\u0105co, samo otoczenie Fabryki tak\u017ce nie wzbudzi\u0142o mojego zainteresowania, ale w \u015brodku nie by\u0142am, wi\u0119c w zasadzie nie mam zdania na jej temat. Pa\u0142ac w Mosznej &#8211; legenda Wracaj\u0105c do Pa\u0142acu nazywanego Zamkiem. Legenda g\u0142osi, \u017ce w \u015bredniowieczu Moszna nale\u017ca\u0142a do Zakonu Templariuszy. W 1679 w\u0142a\u015bcicielami Mosznej sta\u0142a si\u0119 rodzina von Skall. Na bajkowy wygl\u0105d Pa\u0142acu &nbsp;sk\u0142ada si\u0119 365 pomieszcze\u0144, 99 wie\u017c i wie\u017cyczek. Dlaczego nie 100, powiem za chwil\u0119. Budowla powsta\u0142a w po\u0142owie XVII wieku, a eklektyczna bry\u0142a zosta\u0142a odbudowana po po\u017carze w 1896. Znawcy dostrzeg\u0105 go\u0142ym okiem po\u0142\u0105czenie styl\u00f3w: brakowa cz\u0119\u015b\u0107 \u015brodkowa, neogotyckie skrzyd\u0142o wschodnie oraz neorenesansowe skrzyd\u0142o zachodnie. Od 1945 zamek by\u0142 rezydencj\u0105 potentat\u00f3w przemys\u0142owych \u2013 \u015bl\u0105skiego rodu Tiele-Winckle\u00f3w. To im zawdzi\u0119cza sw\u00f3j obecny, lekko Disneyowski wygl\u0105d. Wed\u0142ug jednej z legend g\u0142\u00f3wny budowniczy \u2013 Franz Hubert Tiele-Winckler dopilnowa\u0142, \u017ceby wie\u017cyczek \u0142\u0105cznie by\u0142o 99, nie 100, gdy\u017c w\u00f3wczas musia\u0142by utrzymywa\u0107 garnizon wojska. Wed\u0142ug innej hrabia jako w\u0142a\u015bciciel 99 maj\u0105tk\u00f3w chcia\u0142 da\u0107 temu wyraz w liczbie wie\u017cyczek. Funkcje Pa\u0142acu w Mosznej na przestrzeni lat W roku 1972 zamek funkcjonowa\u0142 jako szpital leczenia nerwic, a od 1972-2013 w pa\u0142acu mie\u015bci\u0142 si\u0119 Wojew\u00f3dzki O\u015brodek Profilaktyczno-Sanatoryjny. Od 2013 Urz\u0105d Marsza\u0142kowski powo\u0142a\u0142 sp\u00f3\u0142k\u0119 Zamek Moszna Sp. z o.o. i jest w\u0142a\u015bcicielem pa\u0142acu. Jak\u0105 funkcj\u0119 pe\u0142ni dzi\u015b pa\u0142ac? Mie\u015bci si\u0119 w nim hotel i restauracja, w niedalekiej odleg\u0142o\u015bci stadnina koni. Pa\u0142ac mo\u017cna zwiedza\u0107 za niewielk\u0105 op\u0142at\u0105 i pos\u0142ucha\u0107 jego historii z ust przewodnika. Mo\u017cna tak\u017ce pospacerowa\u0107 Alej\u0105 Lipow\u0105, kt\u00f3ra prowadzi do le\u015bnego parku kryj\u0105cego nekropoli\u0119 z prochami dawnych w\u0142a\u015bcicieli. Na moim kanale YouTube umie\u015bci\u0142am film, w kt\u00f3rym opisuj\u0119 kt\u00f3r\u0119dy nale\u017cy p\u00f3j\u015b\u0107, aby znale\u017a\u0107 mogi\u0142y. Przy okazji zapraszam Ci\u0119 do poczytania o nieczynnym cmentarzu w Zabrzu: \u201eStary Cmentarz. Tragiczne losy Polak\u00f3w i Niemc\u00f3w&#8221;. Je\u015bli wolisz obejrze\u0107 film, ju\u017c spiesz\u0119 z linkiem: \u201eStary Cmentarz. Tragiczne losy Polak\u00f3w i Niemc\u00f3w #30\u201d. Ciekawostka! Pa\u0142ac w Mosznej kojarzony nie tylko przez turyst\u00f3w, ale r\u00f3wnie\u017c kinoman\u00f3w. To tutaj w 1978 nakr\u0119cono \u201eTest pilota Prixa\u201d, a kilka lat p\u00f3\u017aniej \u201eLubi\u0119 nietoperze\u201d. Gdyby\u015bcie chcieli wynaj\u0105\u0107 apartament w hotelu uwa\u017cajcie na ducha pewnej guwernantki snuj\u0105cej si\u0119 po korytarzach. Dlaczego nawiedza Pa\u0142ac w Mosznej do dzi\u015b opowiadam w filmie. Wycieczka do Pa\u0142acu w Mosznej jest dobrym pomys\u0142em na spokojne popo\u0142udnie. Zbli\u017caj\u0105c si\u0119 do Zamku-Pa\u0142acu w Mosznej mo\u017cna odnie\u015b\u0107 wra\u017cenie, \u017ce wkracza si\u0119 do czarodziejskiego \u015bwiata ba\u015bni lub Disneylandu.<!-- AddThis Advanced Settings generic via filter on get_the_excerpt --><!-- AddThis Share Buttons generic via filter on get_the_excerpt --><\/p>\n","protected":false},"author":1,"featured_media":612,"comment_status":"open","ping_status":"open","sticky":false,"template":"","format":"standard","meta":{"_exactmetrics_skip_tracking":false,"_exactmetrics_sitenote_active":false,"_exactmetrics_sitenote_note":"","_exactmetrics_sitenote_category":0,"_monsterinsights_skip_tracking":false,"_monsterinsights_sitenote_active":false,"_monsterinsights_sitenote_note":"","_monsterinsights_sitenote_category":0,"footnotes":""},"categories":[12,46],"tags":[199,197,201,198,39,55,4],"class_list":["post-371","post","type-post","status-publish","format-standard","has-post-thumbnail","hentry","category-podroze","category-polska","tag-disneyland","tag-moszna","tag-palac","tag-palac-w-mosznej","tag-podroz","tag-polska","tag-zaneta-pawlik"],"yoast_head":"<!-- This site is optimized with the Yoast SEO plugin v27.3 - https:\/\/yoast.com\/product\/yoast-seo-wordpress\/ -->\n<title>Pa\u0142ac-Zamek w Mosznej - \u017baneta Pawlik<\/title>\n<meta name=\"description\" content=\"Pa\u0142ac w Mosznej uwodzi swoim wygl\u0105dem. Zbli\u017caj\u0105c si\u0119 do niego mo\u017cna odnie\u015b\u0107 wra\u017cenie, \u017ce wkracza si\u0119 do czarodziejskiego \u015bwiata ba\u015bni lub Disneylandu\" \/>\n<meta name=\"robots\" content=\"index, follow, max-snippet:-1, max-image-preview:large, max-video-preview:-1\" \/>\n<link rel=\"canonical\" href=\"https:\/\/zanetapawlik.pl\/index.php\/2021\/03\/21\/palac-zamek-w-mosznej\/\" \/>\n<meta property=\"og:locale\" content=\"pl_PL\" \/>\n<meta property=\"og:type\" content=\"article\" \/>\n<meta property=\"og:title\" content=\"Pa\u0142ac-Zamek w Mosznej - \u017baneta Pawlik\" \/>\n<meta property=\"og:description\" content=\"Pa\u0142ac w Mosznej uwodzi swoim wygl\u0105dem. Zbli\u017caj\u0105c si\u0119 do niego mo\u017cna odnie\u015b\u0107 wra\u017cenie, \u017ce wkracza si\u0119 do czarodziejskiego \u015bwiata ba\u015bni lub Disneylandu\" \/>\n<meta property=\"og:url\" content=\"https:\/\/zanetapawlik.pl\/index.php\/2021\/03\/21\/palac-zamek-w-mosznej\/\" \/>\n<meta property=\"og:site_name\" content=\"\u017baneta Pawlik\" \/>\n<meta property=\"article:author\" content=\"@zanetapawlik.autorka\" \/>\n<meta property=\"article:published_time\" content=\"2021-03-21T11:40:39+00:00\" \/>\n<meta property=\"article:modified_time\" content=\"2021-03-21T11:40:58+00:00\" \/>\n<meta property=\"og:image\" content=\"https:\/\/zanetapawlik.pl\/wp-content\/uploads\/2021\/03\/Palac-zamek-w-mosznej.jpg\" \/>\n\t<meta property=\"og:image:width\" content=\"640\" \/>\n\t<meta property=\"og:image:height\" content=\"426\" \/>\n\t<meta property=\"og:image:type\" content=\"image\/jpeg\" \/>\n<meta name=\"author\" content=\"\u017baneta Pawlik\" \/>\n<meta name=\"twitter:card\" content=\"summary_large_image\" \/>\n<meta name=\"twitter:label1\" content=\"Napisane przez\" \/>\n\t<meta name=\"twitter:data1\" content=\"\u017baneta Pawlik\" \/>\n\t<meta name=\"twitter:label2\" content=\"Szacowany czas czytania\" \/>\n\t<meta name=\"twitter:data2\" content=\"3 minuty\" \/>\n<script type=\"application\/ld+json\" class=\"yoast-schema-graph\">{\"@context\":\"https:\\\/\\\/schema.org\",\"@graph\":[{\"@type\":\"Article\",\"@id\":\"https:\\\/\\\/zanetapawlik.pl\\\/index.php\\\/2021\\\/03\\\/21\\\/palac-zamek-w-mosznej\\\/#article\",\"isPartOf\":{\"@id\":\"https:\\\/\\\/zanetapawlik.pl\\\/index.php\\\/2021\\\/03\\\/21\\\/palac-zamek-w-mosznej\\\/\"},\"author\":{\"name\":\"\u017baneta Pawlik\",\"@id\":\"https:\\\/\\\/zanetapawlik.pl\\\/#\\\/schema\\\/person\\\/c3aba1d003bc4d96d317c5d1601fa5f3\"},\"headline\":\"Pa\u0142ac-Zamek w Mosznej\",\"datePublished\":\"2021-03-21T11:40:39+00:00\",\"dateModified\":\"2021-03-21T11:40:58+00:00\",\"mainEntityOfPage\":{\"@id\":\"https:\\\/\\\/zanetapawlik.pl\\\/index.php\\\/2021\\\/03\\\/21\\\/palac-zamek-w-mosznej\\\/\"},\"wordCount\":546,\"commentCount\":0,\"image\":{\"@id\":\"https:\\\/\\\/zanetapawlik.pl\\\/index.php\\\/2021\\\/03\\\/21\\\/palac-zamek-w-mosznej\\\/#primaryimage\"},\"thumbnailUrl\":\"https:\\\/\\\/zanetapawlik.pl\\\/wp-content\\\/uploads\\\/2021\\\/03\\\/Palac-zamek-w-mosznej.jpg\",\"keywords\":[\"Disneyland\",\"Moszna\",\"pa\u0142ac\",\"Pa\u0142ac w Mosznej\",\"podr\u00f3\u017c\",\"Polska\",\"zaneta pawlik\"],\"articleSection\":[\"podr\u00f3\u017ce\",\"Polska\"],\"inLanguage\":\"pl-PL\",\"potentialAction\":[{\"@type\":\"CommentAction\",\"name\":\"Comment\",\"target\":[\"https:\\\/\\\/zanetapawlik.pl\\\/index.php\\\/2021\\\/03\\\/21\\\/palac-zamek-w-mosznej\\\/#respond\"]}]},{\"@type\":\"WebPage\",\"@id\":\"https:\\\/\\\/zanetapawlik.pl\\\/index.php\\\/2021\\\/03\\\/21\\\/palac-zamek-w-mosznej\\\/\",\"url\":\"https:\\\/\\\/zanetapawlik.pl\\\/index.php\\\/2021\\\/03\\\/21\\\/palac-zamek-w-mosznej\\\/\",\"name\":\"Pa\u0142ac-Zamek w Mosznej - \u017baneta Pawlik\",\"isPartOf\":{\"@id\":\"https:\\\/\\\/zanetapawlik.pl\\\/#website\"},\"primaryImageOfPage\":{\"@id\":\"https:\\\/\\\/zanetapawlik.pl\\\/index.php\\\/2021\\\/03\\\/21\\\/palac-zamek-w-mosznej\\\/#primaryimage\"},\"image\":{\"@id\":\"https:\\\/\\\/zanetapawlik.pl\\\/index.php\\\/2021\\\/03\\\/21\\\/palac-zamek-w-mosznej\\\/#primaryimage\"},\"thumbnailUrl\":\"https:\\\/\\\/zanetapawlik.pl\\\/wp-content\\\/uploads\\\/2021\\\/03\\\/Palac-zamek-w-mosznej.jpg\",\"datePublished\":\"2021-03-21T11:40:39+00:00\",\"dateModified\":\"2021-03-21T11:40:58+00:00\",\"author\":{\"@id\":\"https:\\\/\\\/zanetapawlik.pl\\\/#\\\/schema\\\/person\\\/c3aba1d003bc4d96d317c5d1601fa5f3\"},\"description\":\"Pa\u0142ac w Mosznej uwodzi swoim wygl\u0105dem. Zbli\u017caj\u0105c si\u0119 do niego mo\u017cna odnie\u015b\u0107 wra\u017cenie, \u017ce wkracza si\u0119 do czarodziejskiego \u015bwiata ba\u015bni lub Disneylandu\",\"breadcrumb\":{\"@id\":\"https:\\\/\\\/zanetapawlik.pl\\\/index.php\\\/2021\\\/03\\\/21\\\/palac-zamek-w-mosznej\\\/#breadcrumb\"},\"inLanguage\":\"pl-PL\",\"potentialAction\":[{\"@type\":\"ReadAction\",\"target\":[\"https:\\\/\\\/zanetapawlik.pl\\\/index.php\\\/2021\\\/03\\\/21\\\/palac-zamek-w-mosznej\\\/\"]}]},{\"@type\":\"ImageObject\",\"inLanguage\":\"pl-PL\",\"@id\":\"https:\\\/\\\/zanetapawlik.pl\\\/index.php\\\/2021\\\/03\\\/21\\\/palac-zamek-w-mosznej\\\/#primaryimage\",\"url\":\"https:\\\/\\\/zanetapawlik.pl\\\/wp-content\\\/uploads\\\/2021\\\/03\\\/Palac-zamek-w-mosznej.jpg\",\"contentUrl\":\"https:\\\/\\\/zanetapawlik.pl\\\/wp-content\\\/uploads\\\/2021\\\/03\\\/Palac-zamek-w-mosznej.jpg\",\"width\":640,\"height\":426},{\"@type\":\"BreadcrumbList\",\"@id\":\"https:\\\/\\\/zanetapawlik.pl\\\/index.php\\\/2021\\\/03\\\/21\\\/palac-zamek-w-mosznej\\\/#breadcrumb\",\"itemListElement\":[{\"@type\":\"ListItem\",\"position\":1,\"name\":\"Strona g\u0142\u00f3wna\",\"item\":\"https:\\\/\\\/zanetapawlik.pl\\\/\"},{\"@type\":\"ListItem\",\"position\":2,\"name\":\"Pa\u0142ac-Zamek w Mosznej\"}]},{\"@type\":\"WebSite\",\"@id\":\"https:\\\/\\\/zanetapawlik.pl\\\/#website\",\"url\":\"https:\\\/\\\/zanetapawlik.pl\\\/\",\"name\":\"\u017baneta Pawlik\",\"description\":\"Powie\u015bciopisarka\",\"potentialAction\":[{\"@type\":\"SearchAction\",\"target\":{\"@type\":\"EntryPoint\",\"urlTemplate\":\"https:\\\/\\\/zanetapawlik.pl\\\/?s={search_term_string}\"},\"query-input\":{\"@type\":\"PropertyValueSpecification\",\"valueRequired\":true,\"valueName\":\"search_term_string\"}}],\"inLanguage\":\"pl-PL\"},{\"@type\":\"Person\",\"@id\":\"https:\\\/\\\/zanetapawlik.pl\\\/#\\\/schema\\\/person\\\/c3aba1d003bc4d96d317c5d1601fa5f3\",\"name\":\"\u017baneta Pawlik\",\"image\":{\"@type\":\"ImageObject\",\"inLanguage\":\"pl-PL\",\"@id\":\"https:\\\/\\\/secure.gravatar.com\\\/avatar\\\/4072617b0a1b582d78fe1595062a81c5ec8f9c6bc9a08453b48537ae92a28d5b?s=96&d=mm&r=g\",\"url\":\"https:\\\/\\\/secure.gravatar.com\\\/avatar\\\/4072617b0a1b582d78fe1595062a81c5ec8f9c6bc9a08453b48537ae92a28d5b?s=96&d=mm&r=g\",\"contentUrl\":\"https:\\\/\\\/secure.gravatar.com\\\/avatar\\\/4072617b0a1b582d78fe1595062a81c5ec8f9c6bc9a08453b48537ae92a28d5b?s=96&d=mm&r=g\",\"caption\":\"\u017baneta Pawlik\"},\"sameAs\":[\"@zanetapawlik.autorka\"],\"url\":\"https:\\\/\\\/zanetapawlik.pl\\\/index.php\\\/author\\\/usrob\\\/\"}]}<\/script>\n<!-- \/ Yoast SEO plugin. -->","yoast_head_json":{"title":"Pa\u0142ac-Zamek w Mosznej - \u017baneta Pawlik","description":"Pa\u0142ac w Mosznej uwodzi swoim wygl\u0105dem. Zbli\u017caj\u0105c si\u0119 do niego mo\u017cna odnie\u015b\u0107 wra\u017cenie, \u017ce wkracza si\u0119 do czarodziejskiego \u015bwiata ba\u015bni lub Disneylandu","robots":{"index":"index","follow":"follow","max-snippet":"max-snippet:-1","max-image-preview":"max-image-preview:large","max-video-preview":"max-video-preview:-1"},"canonical":"https:\/\/zanetapawlik.pl\/index.php\/2021\/03\/21\/palac-zamek-w-mosznej\/","og_locale":"pl_PL","og_type":"article","og_title":"Pa\u0142ac-Zamek w Mosznej - \u017baneta Pawlik","og_description":"Pa\u0142ac w Mosznej uwodzi swoim wygl\u0105dem. Zbli\u017caj\u0105c si\u0119 do niego mo\u017cna odnie\u015b\u0107 wra\u017cenie, \u017ce wkracza si\u0119 do czarodziejskiego \u015bwiata ba\u015bni lub Disneylandu","og_url":"https:\/\/zanetapawlik.pl\/index.php\/2021\/03\/21\/palac-zamek-w-mosznej\/","og_site_name":"\u017baneta Pawlik","article_author":"@zanetapawlik.autorka","article_published_time":"2021-03-21T11:40:39+00:00","article_modified_time":"2021-03-21T11:40:58+00:00","og_image":[{"width":640,"height":426,"url":"https:\/\/zanetapawlik.pl\/wp-content\/uploads\/2021\/03\/Palac-zamek-w-mosznej.jpg","type":"image\/jpeg"}],"author":"\u017baneta Pawlik","twitter_card":"summary_large_image","twitter_misc":{"Napisane przez":"\u017baneta Pawlik","Szacowany czas czytania":"3 minuty"},"schema":{"@context":"https:\/\/schema.org","@graph":[{"@type":"Article","@id":"https:\/\/zanetapawlik.pl\/index.php\/2021\/03\/21\/palac-zamek-w-mosznej\/#article","isPartOf":{"@id":"https:\/\/zanetapawlik.pl\/index.php\/2021\/03\/21\/palac-zamek-w-mosznej\/"},"author":{"name":"\u017baneta Pawlik","@id":"https:\/\/zanetapawlik.pl\/#\/schema\/person\/c3aba1d003bc4d96d317c5d1601fa5f3"},"headline":"Pa\u0142ac-Zamek w Mosznej","datePublished":"2021-03-21T11:40:39+00:00","dateModified":"2021-03-21T11:40:58+00:00","mainEntityOfPage":{"@id":"https:\/\/zanetapawlik.pl\/index.php\/2021\/03\/21\/palac-zamek-w-mosznej\/"},"wordCount":546,"commentCount":0,"image":{"@id":"https:\/\/zanetapawlik.pl\/index.php\/2021\/03\/21\/palac-zamek-w-mosznej\/#primaryimage"},"thumbnailUrl":"https:\/\/zanetapawlik.pl\/wp-content\/uploads\/2021\/03\/Palac-zamek-w-mosznej.jpg","keywords":["Disneyland","Moszna","pa\u0142ac","Pa\u0142ac w Mosznej","podr\u00f3\u017c","Polska","zaneta pawlik"],"articleSection":["podr\u00f3\u017ce","Polska"],"inLanguage":"pl-PL","potentialAction":[{"@type":"CommentAction","name":"Comment","target":["https:\/\/zanetapawlik.pl\/index.php\/2021\/03\/21\/palac-zamek-w-mosznej\/#respond"]}]},{"@type":"WebPage","@id":"https:\/\/zanetapawlik.pl\/index.php\/2021\/03\/21\/palac-zamek-w-mosznej\/","url":"https:\/\/zanetapawlik.pl\/index.php\/2021\/03\/21\/palac-zamek-w-mosznej\/","name":"Pa\u0142ac-Zamek w Mosznej - \u017baneta Pawlik","isPartOf":{"@id":"https:\/\/zanetapawlik.pl\/#website"},"primaryImageOfPage":{"@id":"https:\/\/zanetapawlik.pl\/index.php\/2021\/03\/21\/palac-zamek-w-mosznej\/#primaryimage"},"image":{"@id":"https:\/\/zanetapawlik.pl\/index.php\/2021\/03\/21\/palac-zamek-w-mosznej\/#primaryimage"},"thumbnailUrl":"https:\/\/zanetapawlik.pl\/wp-content\/uploads\/2021\/03\/Palac-zamek-w-mosznej.jpg","datePublished":"2021-03-21T11:40:39+00:00","dateModified":"2021-03-21T11:40:58+00:00","author":{"@id":"https:\/\/zanetapawlik.pl\/#\/schema\/person\/c3aba1d003bc4d96d317c5d1601fa5f3"},"description":"Pa\u0142ac w Mosznej uwodzi swoim wygl\u0105dem. Zbli\u017caj\u0105c si\u0119 do niego mo\u017cna odnie\u015b\u0107 wra\u017cenie, \u017ce wkracza si\u0119 do czarodziejskiego \u015bwiata ba\u015bni lub Disneylandu","breadcrumb":{"@id":"https:\/\/zanetapawlik.pl\/index.php\/2021\/03\/21\/palac-zamek-w-mosznej\/#breadcrumb"},"inLanguage":"pl-PL","potentialAction":[{"@type":"ReadAction","target":["https:\/\/zanetapawlik.pl\/index.php\/2021\/03\/21\/palac-zamek-w-mosznej\/"]}]},{"@type":"ImageObject","inLanguage":"pl-PL","@id":"https:\/\/zanetapawlik.pl\/index.php\/2021\/03\/21\/palac-zamek-w-mosznej\/#primaryimage","url":"https:\/\/zanetapawlik.pl\/wp-content\/uploads\/2021\/03\/Palac-zamek-w-mosznej.jpg","contentUrl":"https:\/\/zanetapawlik.pl\/wp-content\/uploads\/2021\/03\/Palac-zamek-w-mosznej.jpg","width":640,"height":426},{"@type":"BreadcrumbList","@id":"https:\/\/zanetapawlik.pl\/index.php\/2021\/03\/21\/palac-zamek-w-mosznej\/#breadcrumb","itemListElement":[{"@type":"ListItem","position":1,"name":"Strona g\u0142\u00f3wna","item":"https:\/\/zanetapawlik.pl\/"},{"@type":"ListItem","position":2,"name":"Pa\u0142ac-Zamek w Mosznej"}]},{"@type":"WebSite","@id":"https:\/\/zanetapawlik.pl\/#website","url":"https:\/\/zanetapawlik.pl\/","name":"\u017baneta Pawlik","description":"Powie\u015bciopisarka","potentialAction":[{"@type":"SearchAction","target":{"@type":"EntryPoint","urlTemplate":"https:\/\/zanetapawlik.pl\/?s={search_term_string}"},"query-input":{"@type":"PropertyValueSpecification","valueRequired":true,"valueName":"search_term_string"}}],"inLanguage":"pl-PL"},{"@type":"Person","@id":"https:\/\/zanetapawlik.pl\/#\/schema\/person\/c3aba1d003bc4d96d317c5d1601fa5f3","name":"\u017baneta Pawlik","image":{"@type":"ImageObject","inLanguage":"pl-PL","@id":"https:\/\/secure.gravatar.com\/avatar\/4072617b0a1b582d78fe1595062a81c5ec8f9c6bc9a08453b48537ae92a28d5b?s=96&d=mm&r=g","url":"https:\/\/secure.gravatar.com\/avatar\/4072617b0a1b582d78fe1595062a81c5ec8f9c6bc9a08453b48537ae92a28d5b?s=96&d=mm&r=g","contentUrl":"https:\/\/secure.gravatar.com\/avatar\/4072617b0a1b582d78fe1595062a81c5ec8f9c6bc9a08453b48537ae92a28d5b?s=96&d=mm&r=g","caption":"\u017baneta Pawlik"},"sameAs":["@zanetapawlik.autorka"],"url":"https:\/\/zanetapawlik.pl\/index.php\/author\/usrob\/"}]}},"_links":{"self":[{"href":"https:\/\/zanetapawlik.pl\/index.php\/wp-json\/wp\/v2\/posts\/371","targetHints":{"allow":["GET"]}}],"collection":[{"href":"https:\/\/zanetapawlik.pl\/index.php\/wp-json\/wp\/v2\/posts"}],"about":[{"href":"https:\/\/zanetapawlik.pl\/index.php\/wp-json\/wp\/v2\/types\/post"}],"author":[{"embeddable":true,"href":"https:\/\/zanetapawlik.pl\/index.php\/wp-json\/wp\/v2\/users\/1"}],"replies":[{"embeddable":true,"href":"https:\/\/zanetapawlik.pl\/index.php\/wp-json\/wp\/v2\/comments?post=371"}],"version-history":[{"count":1,"href":"https:\/\/zanetapawlik.pl\/index.php\/wp-json\/wp\/v2\/posts\/371\/revisions"}],"predecessor-version":[{"id":372,"href":"https:\/\/zanetapawlik.pl\/index.php\/wp-json\/wp\/v2\/posts\/371\/revisions\/372"}],"wp:featuredmedia":[{"embeddable":true,"href":"https:\/\/zanetapawlik.pl\/index.php\/wp-json\/wp\/v2\/media\/612"}],"wp:attachment":[{"href":"https:\/\/zanetapawlik.pl\/index.php\/wp-json\/wp\/v2\/media?parent=371"}],"wp:term":[{"taxonomy":"category","embeddable":true,"href":"https:\/\/zanetapawlik.pl\/index.php\/wp-json\/wp\/v2\/categories?post=371"},{"taxonomy":"post_tag","embeddable":true,"href":"https:\/\/zanetapawlik.pl\/index.php\/wp-json\/wp\/v2\/tags?post=371"}],"curies":[{"name":"wp","href":"https:\/\/api.w.org\/{rel}","templated":true}]}}