{"id":2049,"date":"2024-05-14T12:17:58","date_gmt":"2024-05-14T10:17:58","guid":{"rendered":"https:\/\/zanetapawlik.pl\/?p=2049"},"modified":"2024-05-14T12:21:18","modified_gmt":"2024-05-14T10:21:18","slug":"bliscy-portret-czasow","status":"publish","type":"post","link":"https:\/\/zanetapawlik.pl\/index.php\/2024\/05\/14\/bliscy-portret-czasow\/","title":{"rendered":"Bliscy &#8211; portret czas\u00f3w"},"content":{"rendered":"\n<p>Annie Ernaux twierdzi, \u017ce ksi\u0105\u017ck\u0119 \u201eBliscy\u201d napisa\u0142a tonem beznami\u0119tnym. Nie mog\u0119 si\u0119 ustrzec por\u00f3wnania do gry scenicznej, gdzie \u0142atwo przedobrzy\u0107, ciskaj\u0105c w widza emocjami. Tymczasem trudniej zmusi\u0107 odbiorc\u0119 do p\u0142aczu, ni\u017c mu ten p\u0142acz kaza\u0107 ogl\u0105da\u0107. I w\u0142a\u015bnie tak mam z \u201eBliskimi\u201d Annie Ernaux, kt\u00f3ra mimo pozornego ch\u0142odu porusza w czytelni najwra\u017cliwsze struny.<\/p>\n\n\n\n<hr class=\"wp-block-separator\"\/>\n\n\n\n<p>Autobiograficzna powie\u015b\u0107 podzielona jest na trzy cz\u0119\u015bci, z kt\u00f3rej ka\u017cda po\u015bwi\u0119cona jest innemu cz\u0142onkowi rodziny. Mamy oto opisan\u0105 relacje z ojcem, niewykszta\u0142conym pracowniku fizycznym, matce, aspiruj\u0105cej do zaj\u0119cia szanowanej pozycji, czego ani duma ani gwa\u0142towne obycie nie u\u0142atwiaj\u0105, a mam nawet wra\u017cenie, \u017ce nasycaj\u0105 poczucie ni\u017cszo\u015bci i kompleksy oraz siostrze, kt\u00f3ra autorka zna jedynie z pami\u0105tkowych zdj\u0119\u0107, gdy\u017c roz\u0142\u0105czy\u0142a je przedwczesna \u015bmier\u0107 dziewczynki.<\/p>\n\n\n\n<p><em>Obsesja: &#8222;Co ludzie o nas pomy\u015bl\u0105?&#8221; (s\u0105siedzi, klienci, wszyscy).<\/em><em><br>Zasada: nieustannie rozbraja\u0107 krytyczne spojrzenia innych &#8211; grzeczno\u015bci\u0105, brakiem opinii, skrupulatnym wy\u0142apywaniem nastroj\u00f3w, kt\u00f3re mog\u0105 ci\u0119 dotkn\u0105\u0107. Nie przygl\u0105da\u0142 si\u0119 jarzynom w ogrodzie, kt\u00f3rego w\u0142a\u015bciciel by\u0142 zaj\u0119ty kopaniem, chyba \u017ce zach\u0119cono go do tego gestem, u\u015bmiechem czy przyjaznym s\u0142owem. \u017badnych odwiedzin bez zaproszenia, nawet u chorego w szpitalu. \u017badnych pyta\u0144 zdradzaj\u0105cych ciekawo\u015b\u0107 lub ochot\u0119 na co\u015b, kt\u00f3re dawa\u0142oby rozm\u00f3wcy przewag\u0119 nad nami. Zakazane zdanie: &#8222;Ile to kosztowa\u0142o?&#8221;.<\/em><em><\/em><\/p>\n\n\n\n<h3 class=\"wp-block-heading\">Kim bym by\u0142<\/h3>\n\n\n\n<p>Chyba nikt po lekturze nie przejdzie oboj\u0119tnie nad pytaniem, kim by by\u0142, gdyby urodzi\u0142 si\u0119 w innej rodzinie. Jak dalece oddzia\u0142uje na nas wychowanie, \u015brodowisko i gdzie w tym wszystkim plasuj\u0105 si\u0119 nasze ambicje. Czym s\u0105 w istocie i dlaczego r\u00f3\u017cni\u0105 si\u0119 od d\u0105\u017ce\u0144 znajomych nam ludzi. Sama Annie pragnie dla siebie innego \u017cycia, lepszego, oddalaj\u0105c si\u0119 od rodziny, a nie zrywaj\u0105c z ni\u0105. Bo nie spos\u00f3b uciec od siebie i tej cz\u0105stki przodk\u00f3w, kt\u00f3ra czeka\u0142a, a\u017c okre\u015blona dusza ubierze si\u0119 w materi\u0119 cia\u0142a.<\/p>\n\n\n\n<p>Autorka pr\u00f3buje rozliczy\u0107 si\u0119 z przesz\u0142o\u015bci\u0105, co na pewno niesie ze sob\u0105 warto\u015b\u0107 terapeutyczn\u0105. Jak na d\u0142oni wida\u0107 wyra\u017anie, \u017ce w miar\u0119 rozwijania siebie, odstajemy od naszych korzeni. Dobrze to i \u017ale. Warto chcie\u0107 dla siebie lepszego losu, ale bez piel\u0119gnowania relacji z drugim cz\u0142owiekiem, a w szczeg\u00f3lno\u015bci takim, z kt\u00f3rym dzieli nas ta sama przesz\u0142o\u015b\u0107 i do\u015bwiadczenie, oddalimy si\u0119 od siebie samych, a chyba nie taki cel nam przy\u015bwieca.<\/p>\n\n\n\n<p><em>Dla mojej matki bunt mia\u0142 tylko jedno znaczenie: nie zgadza\u0107 si\u0119 na bied\u0119, i tylko jedn\u0105 form\u0119: pracowa\u0107, zarabia\u0107 i sta\u0107 si\u0119 nie gorszym od innych. St\u0105d ten gorzki wyrzut, kt\u00f3rego nie rozumia\u0142am, podobnie jak ona nie rozumia\u0142a mojej postawy: &#8222;Gdyby\u015bmy ci\u0119 wys\u0142ali do fabryki, jak mia\u0142a\u015b dwana\u015bcie lat, nie by\u0142aby\u015b taka. Nie doceniasz swojego szcz\u0119\u015bcia&#8221;. I jeszcze ta pe\u0142na z\u0142o\u015bci uwaga pod moim adresem: &#8222;Chodzi toto do szko\u0142y z internatem, a nie jest warte wi\u0119cej od innych&#8221;.<\/em><em><\/em><\/p>\n\n\n\n<h3 class=\"wp-block-heading\">&#8222;Bliscy&#8221; we Francji <\/h3>\n\n\n\n<p>Na francuskim rynku powie\u015b\u0107 ukaza\u0142a si\u0119 jako trzy odr\u0119bne ksi\u0105\u017cki, w Polsce wydano je jako jedna powie\u015b\u0107. Niestety wida\u0107 szwy mi\u0119dzy nimi, pojawiaj\u0105 si\u0119 powt\u00f3rzenia. Nie wp\u0142ywa to na mistrzowski styl pisarki, ale jest zauwa\u017calne.<\/p>\n\n\n\n<p>\u201eBliscy\u201d Annie Ernaux to swego rodzaju portret czas\u00f3w. Intymno\u015b\u0107 wystawiona pod \u015bwiat\u0142o, zimna, beznami\u0119tna, a jednak czu\u0142a. Nasycona mi\u0142o\u015bci\u0105, cho\u0107 lekko chropowat\u0105.<\/p>\n\n\n\n<p>Polecam ka\u017cdemu t\u0105 subteln\u0105 podr\u00f3\u017c mi\u0119dzy s\u0142owami.<\/p>\n\n\n\n<div class=\"wp-block-image\"><figure class=\"aligncenter size-full is-resized\"><img loading=\"lazy\" decoding=\"async\" src=\"https:\/\/zanetapawlik.pl\/wp-content\/uploads\/2024\/05\/image.png\" alt=\"\" class=\"wp-image-2050\" width=\"234\" height=\"335\" srcset=\"https:\/\/zanetapawlik.pl\/wp-content\/uploads\/2024\/05\/image.png 312w, https:\/\/zanetapawlik.pl\/wp-content\/uploads\/2024\/05\/image-209x300.png 209w\" sizes=\"auto, (max-width: 234px) 100vw, 234px\" \/><\/figure><\/div>\n<!-- AddThis Advanced Settings generic via filter on the_content --><!-- AddThis Share Buttons generic via filter on the_content -->","protected":false},"excerpt":{"rendered":"<p>Annie Ernaux twierdzi, \u017ce ksi\u0105\u017ck\u0119 \u201eBliscy\u201d napisa\u0142a tonem beznami\u0119tnym. Nie mog\u0119 si\u0119 ustrzec por\u00f3wnania do gry scenicznej, gdzie \u0142atwo przedobrzy\u0107, ciskaj\u0105c w widza emocjami. Tymczasem trudniej zmusi\u0107 odbiorc\u0119 do p\u0142aczu, ni\u017c mu ten p\u0142acz kaza\u0107 ogl\u0105da\u0107. I w\u0142a\u015bnie tak mam z \u201eBliskimi\u201d Annie Ernaux, kt\u00f3ra mimo pozornego ch\u0142odu porusza w czytelni najwra\u017cliwsze struny. Autobiograficzna powie\u015b\u0107 podzielona jest na trzy cz\u0119\u015bci, z kt\u00f3rej ka\u017cda po\u015bwi\u0119cona jest innemu cz\u0142onkowi rodziny. Mamy oto opisan\u0105 relacje z ojcem, niewykszta\u0142conym pracowniku fizycznym, matce, aspiruj\u0105cej do zaj\u0119cia szanowanej pozycji, czego ani duma ani gwa\u0142towne obycie nie u\u0142atwiaj\u0105, a mam nawet wra\u017cenie, \u017ce nasycaj\u0105 poczucie ni\u017cszo\u015bci i kompleksy oraz siostrze, kt\u00f3ra autorka zna jedynie z pami\u0105tkowych zdj\u0119\u0107, gdy\u017c roz\u0142\u0105czy\u0142a je przedwczesna \u015bmier\u0107 dziewczynki. Obsesja: &#8222;Co ludzie o nas pomy\u015bl\u0105?&#8221; (s\u0105siedzi, klienci, wszyscy).Zasada: nieustannie rozbraja\u0107 krytyczne spojrzenia innych &#8211; grzeczno\u015bci\u0105, brakiem opinii, skrupulatnym wy\u0142apywaniem nastroj\u00f3w, kt\u00f3re mog\u0105 ci\u0119 dotkn\u0105\u0107. Nie przygl\u0105da\u0142 si\u0119 jarzynom w ogrodzie, kt\u00f3rego w\u0142a\u015bciciel by\u0142 zaj\u0119ty kopaniem, chyba \u017ce zach\u0119cono go do tego gestem, u\u015bmiechem czy przyjaznym s\u0142owem. \u017badnych odwiedzin bez zaproszenia, nawet u chorego w szpitalu. \u017badnych pyta\u0144 zdradzaj\u0105cych ciekawo\u015b\u0107 lub ochot\u0119 na co\u015b, kt\u00f3re dawa\u0142oby rozm\u00f3wcy przewag\u0119 nad nami. Zakazane zdanie: &#8222;Ile to kosztowa\u0142o?&#8221;. Kim bym by\u0142 Chyba nikt po lekturze nie przejdzie oboj\u0119tnie nad pytaniem, kim by by\u0142, gdyby urodzi\u0142 si\u0119 w innej rodzinie. Jak dalece oddzia\u0142uje na nas wychowanie, \u015brodowisko i gdzie w tym wszystkim plasuj\u0105 si\u0119 nasze ambicje. Czym s\u0105 w istocie i dlaczego r\u00f3\u017cni\u0105 si\u0119 od d\u0105\u017ce\u0144 znajomych nam ludzi. Sama Annie pragnie dla siebie innego \u017cycia, lepszego, oddalaj\u0105c si\u0119 od rodziny, a nie zrywaj\u0105c z ni\u0105. Bo nie spos\u00f3b uciec od siebie i tej cz\u0105stki przodk\u00f3w, kt\u00f3ra czeka\u0142a, a\u017c okre\u015blona dusza ubierze si\u0119 w materi\u0119 cia\u0142a. Autorka pr\u00f3buje rozliczy\u0107 si\u0119 z przesz\u0142o\u015bci\u0105, co na pewno niesie ze sob\u0105 warto\u015b\u0107 terapeutyczn\u0105. Jak na d\u0142oni wida\u0107 wyra\u017anie, \u017ce w miar\u0119 rozwijania siebie, odstajemy od naszych korzeni. Dobrze to i \u017ale. Warto chcie\u0107 dla siebie lepszego losu, ale bez piel\u0119gnowania relacji z drugim cz\u0142owiekiem, a w szczeg\u00f3lno\u015bci takim, z kt\u00f3rym dzieli nas ta sama przesz\u0142o\u015b\u0107 i do\u015bwiadczenie, oddalimy si\u0119 od siebie samych, a chyba nie taki cel nam przy\u015bwieca. Dla mojej matki bunt mia\u0142 tylko jedno znaczenie: nie zgadza\u0107 si\u0119 na bied\u0119, i tylko jedn\u0105 form\u0119: pracowa\u0107, zarabia\u0107 i sta\u0107 si\u0119 nie gorszym od innych. St\u0105d ten gorzki wyrzut, kt\u00f3rego nie rozumia\u0142am, podobnie jak ona nie rozumia\u0142a mojej postawy: &#8222;Gdyby\u015bmy ci\u0119 wys\u0142ali do fabryki, jak mia\u0142a\u015b dwana\u015bcie lat, nie by\u0142aby\u015b taka. Nie doceniasz swojego szcz\u0119\u015bcia&#8221;. I jeszcze ta pe\u0142na z\u0142o\u015bci uwaga pod moim adresem: &#8222;Chodzi toto do szko\u0142y z internatem, a nie jest warte wi\u0119cej od innych&#8221;. &#8222;Bliscy&#8221; we Francji Na francuskim rynku powie\u015b\u0107 ukaza\u0142a si\u0119 jako trzy odr\u0119bne ksi\u0105\u017cki, w Polsce wydano je jako jedna powie\u015b\u0107. Niestety wida\u0107 szwy mi\u0119dzy nimi, pojawiaj\u0105 si\u0119 powt\u00f3rzenia. Nie wp\u0142ywa to na mistrzowski styl pisarki, ale jest zauwa\u017calne. \u201eBliscy\u201d Annie Ernaux to swego rodzaju portret czas\u00f3w. Intymno\u015b\u0107 wystawiona pod \u015bwiat\u0142o, zimna, beznami\u0119tna, a jednak czu\u0142a. Nasycona mi\u0142o\u015bci\u0105, cho\u0107 lekko chropowat\u0105. Polecam ka\u017cdemu t\u0105 subteln\u0105 podr\u00f3\u017c mi\u0119dzy s\u0142owami.<!-- AddThis Advanced Settings generic via filter on get_the_excerpt --><!-- AddThis Share Buttons generic via filter on get_the_excerpt --><\/p>\n","protected":false},"author":1,"featured_media":2051,"comment_status":"open","ping_status":"open","sticky":false,"template":"","format":"standard","meta":{"_exactmetrics_skip_tracking":false,"_exactmetrics_sitenote_active":false,"_exactmetrics_sitenote_note":"","_exactmetrics_sitenote_category":0,"_monsterinsights_skip_tracking":false,"_monsterinsights_sitenote_active":false,"_monsterinsights_sitenote_note":"","_monsterinsights_sitenote_category":0,"footnotes":""},"categories":[13],"tags":[414,376],"class_list":["post-2049","post","type-post","status-publish","format-standard","has-post-thumbnail","hentry","category-codziennik","tag-opinia","tag-recenzja"],"yoast_head":"<!-- This site is optimized with the Yoast SEO plugin v27.3 - https:\/\/yoast.com\/product\/yoast-seo-wordpress\/ -->\n<title>Bliscy - portret czas\u00f3w - \u017baneta Pawlik<\/title>\n<meta name=\"description\" content=\"Annie Ernaux ksi\u0105\u017ck\u0119 \u201eBliscy\u201d napisa\u0142a tonem beznami\u0119tnym. Mimo pozornego ch\u0142odu porusza w czytelniku najwra\u017cliwsze struny.\" \/>\n<meta name=\"robots\" content=\"index, follow, max-snippet:-1, max-image-preview:large, max-video-preview:-1\" \/>\n<link rel=\"canonical\" href=\"https:\/\/zanetapawlik.pl\/index.php\/2024\/05\/14\/bliscy-portret-czasow\/\" \/>\n<meta property=\"og:locale\" content=\"pl_PL\" \/>\n<meta property=\"og:type\" content=\"article\" \/>\n<meta property=\"og:title\" content=\"Bliscy - portret czas\u00f3w - \u017baneta Pawlik\" \/>\n<meta property=\"og:description\" content=\"Annie Ernaux ksi\u0105\u017ck\u0119 \u201eBliscy\u201d napisa\u0142a tonem beznami\u0119tnym. Mimo pozornego ch\u0142odu porusza w czytelniku najwra\u017cliwsze struny.\" \/>\n<meta property=\"og:url\" content=\"https:\/\/zanetapawlik.pl\/index.php\/2024\/05\/14\/bliscy-portret-czasow\/\" \/>\n<meta property=\"og:site_name\" content=\"\u017baneta Pawlik\" \/>\n<meta property=\"article:author\" content=\"@zanetapawlik.autorka\" \/>\n<meta property=\"article:published_time\" content=\"2024-05-14T10:17:58+00:00\" \/>\n<meta property=\"article:modified_time\" content=\"2024-05-14T10:21:18+00:00\" \/>\n<meta property=\"og:image\" content=\"https:\/\/zanetapawlik.pl\/wp-content\/uploads\/2024\/05\/book-8295812_640.jpg\" \/>\n\t<meta property=\"og:image:width\" content=\"640\" \/>\n\t<meta property=\"og:image:height\" content=\"512\" \/>\n\t<meta property=\"og:image:type\" content=\"image\/jpeg\" \/>\n<meta name=\"author\" content=\"\u017baneta Pawlik\" \/>\n<meta name=\"twitter:card\" content=\"summary_large_image\" \/>\n<meta name=\"twitter:label1\" content=\"Napisane przez\" \/>\n\t<meta name=\"twitter:data1\" content=\"\u017baneta Pawlik\" \/>\n\t<meta name=\"twitter:label2\" content=\"Szacowany czas czytania\" \/>\n\t<meta name=\"twitter:data2\" content=\"4 minuty\" \/>\n<script type=\"application\/ld+json\" class=\"yoast-schema-graph\">{\"@context\":\"https:\\\/\\\/schema.org\",\"@graph\":[{\"@type\":\"Article\",\"@id\":\"https:\\\/\\\/zanetapawlik.pl\\\/index.php\\\/2024\\\/05\\\/14\\\/bliscy-portret-czasow\\\/#article\",\"isPartOf\":{\"@id\":\"https:\\\/\\\/zanetapawlik.pl\\\/index.php\\\/2024\\\/05\\\/14\\\/bliscy-portret-czasow\\\/\"},\"author\":{\"name\":\"\u017baneta Pawlik\",\"@id\":\"https:\\\/\\\/zanetapawlik.pl\\\/#\\\/schema\\\/person\\\/c3aba1d003bc4d96d317c5d1601fa5f3\"},\"headline\":\"Bliscy &#8211; portret czas\u00f3w\",\"datePublished\":\"2024-05-14T10:17:58+00:00\",\"dateModified\":\"2024-05-14T10:21:18+00:00\",\"mainEntityOfPage\":{\"@id\":\"https:\\\/\\\/zanetapawlik.pl\\\/index.php\\\/2024\\\/05\\\/14\\\/bliscy-portret-czasow\\\/\"},\"wordCount\":606,\"commentCount\":0,\"image\":{\"@id\":\"https:\\\/\\\/zanetapawlik.pl\\\/index.php\\\/2024\\\/05\\\/14\\\/bliscy-portret-czasow\\\/#primaryimage\"},\"thumbnailUrl\":\"https:\\\/\\\/zanetapawlik.pl\\\/wp-content\\\/uploads\\\/2024\\\/05\\\/book-8295812_640.jpg\",\"keywords\":[\"opinia\",\"recenzja\"],\"articleSection\":[\"codziennik\"],\"inLanguage\":\"pl-PL\",\"potentialAction\":[{\"@type\":\"CommentAction\",\"name\":\"Comment\",\"target\":[\"https:\\\/\\\/zanetapawlik.pl\\\/index.php\\\/2024\\\/05\\\/14\\\/bliscy-portret-czasow\\\/#respond\"]}]},{\"@type\":\"WebPage\",\"@id\":\"https:\\\/\\\/zanetapawlik.pl\\\/index.php\\\/2024\\\/05\\\/14\\\/bliscy-portret-czasow\\\/\",\"url\":\"https:\\\/\\\/zanetapawlik.pl\\\/index.php\\\/2024\\\/05\\\/14\\\/bliscy-portret-czasow\\\/\",\"name\":\"Bliscy - portret czas\u00f3w - \u017baneta Pawlik\",\"isPartOf\":{\"@id\":\"https:\\\/\\\/zanetapawlik.pl\\\/#website\"},\"primaryImageOfPage\":{\"@id\":\"https:\\\/\\\/zanetapawlik.pl\\\/index.php\\\/2024\\\/05\\\/14\\\/bliscy-portret-czasow\\\/#primaryimage\"},\"image\":{\"@id\":\"https:\\\/\\\/zanetapawlik.pl\\\/index.php\\\/2024\\\/05\\\/14\\\/bliscy-portret-czasow\\\/#primaryimage\"},\"thumbnailUrl\":\"https:\\\/\\\/zanetapawlik.pl\\\/wp-content\\\/uploads\\\/2024\\\/05\\\/book-8295812_640.jpg\",\"datePublished\":\"2024-05-14T10:17:58+00:00\",\"dateModified\":\"2024-05-14T10:21:18+00:00\",\"author\":{\"@id\":\"https:\\\/\\\/zanetapawlik.pl\\\/#\\\/schema\\\/person\\\/c3aba1d003bc4d96d317c5d1601fa5f3\"},\"description\":\"Annie Ernaux ksi\u0105\u017ck\u0119 \u201eBliscy\u201d napisa\u0142a tonem beznami\u0119tnym. Mimo pozornego ch\u0142odu porusza w czytelniku najwra\u017cliwsze struny.\",\"breadcrumb\":{\"@id\":\"https:\\\/\\\/zanetapawlik.pl\\\/index.php\\\/2024\\\/05\\\/14\\\/bliscy-portret-czasow\\\/#breadcrumb\"},\"inLanguage\":\"pl-PL\",\"potentialAction\":[{\"@type\":\"ReadAction\",\"target\":[\"https:\\\/\\\/zanetapawlik.pl\\\/index.php\\\/2024\\\/05\\\/14\\\/bliscy-portret-czasow\\\/\"]}]},{\"@type\":\"ImageObject\",\"inLanguage\":\"pl-PL\",\"@id\":\"https:\\\/\\\/zanetapawlik.pl\\\/index.php\\\/2024\\\/05\\\/14\\\/bliscy-portret-czasow\\\/#primaryimage\",\"url\":\"https:\\\/\\\/zanetapawlik.pl\\\/wp-content\\\/uploads\\\/2024\\\/05\\\/book-8295812_640.jpg\",\"contentUrl\":\"https:\\\/\\\/zanetapawlik.pl\\\/wp-content\\\/uploads\\\/2024\\\/05\\\/book-8295812_640.jpg\",\"width\":640,\"height\":512},{\"@type\":\"BreadcrumbList\",\"@id\":\"https:\\\/\\\/zanetapawlik.pl\\\/index.php\\\/2024\\\/05\\\/14\\\/bliscy-portret-czasow\\\/#breadcrumb\",\"itemListElement\":[{\"@type\":\"ListItem\",\"position\":1,\"name\":\"Strona g\u0142\u00f3wna\",\"item\":\"https:\\\/\\\/zanetapawlik.pl\\\/\"},{\"@type\":\"ListItem\",\"position\":2,\"name\":\"Bliscy &#8211; portret czas\u00f3w\"}]},{\"@type\":\"WebSite\",\"@id\":\"https:\\\/\\\/zanetapawlik.pl\\\/#website\",\"url\":\"https:\\\/\\\/zanetapawlik.pl\\\/\",\"name\":\"\u017baneta Pawlik\",\"description\":\"Powie\u015bciopisarka\",\"potentialAction\":[{\"@type\":\"SearchAction\",\"target\":{\"@type\":\"EntryPoint\",\"urlTemplate\":\"https:\\\/\\\/zanetapawlik.pl\\\/?s={search_term_string}\"},\"query-input\":{\"@type\":\"PropertyValueSpecification\",\"valueRequired\":true,\"valueName\":\"search_term_string\"}}],\"inLanguage\":\"pl-PL\"},{\"@type\":\"Person\",\"@id\":\"https:\\\/\\\/zanetapawlik.pl\\\/#\\\/schema\\\/person\\\/c3aba1d003bc4d96d317c5d1601fa5f3\",\"name\":\"\u017baneta Pawlik\",\"image\":{\"@type\":\"ImageObject\",\"inLanguage\":\"pl-PL\",\"@id\":\"https:\\\/\\\/secure.gravatar.com\\\/avatar\\\/4072617b0a1b582d78fe1595062a81c5ec8f9c6bc9a08453b48537ae92a28d5b?s=96&d=mm&r=g\",\"url\":\"https:\\\/\\\/secure.gravatar.com\\\/avatar\\\/4072617b0a1b582d78fe1595062a81c5ec8f9c6bc9a08453b48537ae92a28d5b?s=96&d=mm&r=g\",\"contentUrl\":\"https:\\\/\\\/secure.gravatar.com\\\/avatar\\\/4072617b0a1b582d78fe1595062a81c5ec8f9c6bc9a08453b48537ae92a28d5b?s=96&d=mm&r=g\",\"caption\":\"\u017baneta Pawlik\"},\"sameAs\":[\"@zanetapawlik.autorka\"],\"url\":\"https:\\\/\\\/zanetapawlik.pl\\\/index.php\\\/author\\\/usrob\\\/\"}]}<\/script>\n<!-- \/ Yoast SEO plugin. -->","yoast_head_json":{"title":"Bliscy - portret czas\u00f3w - \u017baneta Pawlik","description":"Annie Ernaux ksi\u0105\u017ck\u0119 \u201eBliscy\u201d napisa\u0142a tonem beznami\u0119tnym. Mimo pozornego ch\u0142odu porusza w czytelniku najwra\u017cliwsze struny.","robots":{"index":"index","follow":"follow","max-snippet":"max-snippet:-1","max-image-preview":"max-image-preview:large","max-video-preview":"max-video-preview:-1"},"canonical":"https:\/\/zanetapawlik.pl\/index.php\/2024\/05\/14\/bliscy-portret-czasow\/","og_locale":"pl_PL","og_type":"article","og_title":"Bliscy - portret czas\u00f3w - \u017baneta Pawlik","og_description":"Annie Ernaux ksi\u0105\u017ck\u0119 \u201eBliscy\u201d napisa\u0142a tonem beznami\u0119tnym. Mimo pozornego ch\u0142odu porusza w czytelniku najwra\u017cliwsze struny.","og_url":"https:\/\/zanetapawlik.pl\/index.php\/2024\/05\/14\/bliscy-portret-czasow\/","og_site_name":"\u017baneta Pawlik","article_author":"@zanetapawlik.autorka","article_published_time":"2024-05-14T10:17:58+00:00","article_modified_time":"2024-05-14T10:21:18+00:00","og_image":[{"width":640,"height":512,"url":"https:\/\/zanetapawlik.pl\/wp-content\/uploads\/2024\/05\/book-8295812_640.jpg","type":"image\/jpeg"}],"author":"\u017baneta Pawlik","twitter_card":"summary_large_image","twitter_misc":{"Napisane przez":"\u017baneta Pawlik","Szacowany czas czytania":"4 minuty"},"schema":{"@context":"https:\/\/schema.org","@graph":[{"@type":"Article","@id":"https:\/\/zanetapawlik.pl\/index.php\/2024\/05\/14\/bliscy-portret-czasow\/#article","isPartOf":{"@id":"https:\/\/zanetapawlik.pl\/index.php\/2024\/05\/14\/bliscy-portret-czasow\/"},"author":{"name":"\u017baneta Pawlik","@id":"https:\/\/zanetapawlik.pl\/#\/schema\/person\/c3aba1d003bc4d96d317c5d1601fa5f3"},"headline":"Bliscy &#8211; portret czas\u00f3w","datePublished":"2024-05-14T10:17:58+00:00","dateModified":"2024-05-14T10:21:18+00:00","mainEntityOfPage":{"@id":"https:\/\/zanetapawlik.pl\/index.php\/2024\/05\/14\/bliscy-portret-czasow\/"},"wordCount":606,"commentCount":0,"image":{"@id":"https:\/\/zanetapawlik.pl\/index.php\/2024\/05\/14\/bliscy-portret-czasow\/#primaryimage"},"thumbnailUrl":"https:\/\/zanetapawlik.pl\/wp-content\/uploads\/2024\/05\/book-8295812_640.jpg","keywords":["opinia","recenzja"],"articleSection":["codziennik"],"inLanguage":"pl-PL","potentialAction":[{"@type":"CommentAction","name":"Comment","target":["https:\/\/zanetapawlik.pl\/index.php\/2024\/05\/14\/bliscy-portret-czasow\/#respond"]}]},{"@type":"WebPage","@id":"https:\/\/zanetapawlik.pl\/index.php\/2024\/05\/14\/bliscy-portret-czasow\/","url":"https:\/\/zanetapawlik.pl\/index.php\/2024\/05\/14\/bliscy-portret-czasow\/","name":"Bliscy - portret czas\u00f3w - \u017baneta Pawlik","isPartOf":{"@id":"https:\/\/zanetapawlik.pl\/#website"},"primaryImageOfPage":{"@id":"https:\/\/zanetapawlik.pl\/index.php\/2024\/05\/14\/bliscy-portret-czasow\/#primaryimage"},"image":{"@id":"https:\/\/zanetapawlik.pl\/index.php\/2024\/05\/14\/bliscy-portret-czasow\/#primaryimage"},"thumbnailUrl":"https:\/\/zanetapawlik.pl\/wp-content\/uploads\/2024\/05\/book-8295812_640.jpg","datePublished":"2024-05-14T10:17:58+00:00","dateModified":"2024-05-14T10:21:18+00:00","author":{"@id":"https:\/\/zanetapawlik.pl\/#\/schema\/person\/c3aba1d003bc4d96d317c5d1601fa5f3"},"description":"Annie Ernaux ksi\u0105\u017ck\u0119 \u201eBliscy\u201d napisa\u0142a tonem beznami\u0119tnym. Mimo pozornego ch\u0142odu porusza w czytelniku najwra\u017cliwsze struny.","breadcrumb":{"@id":"https:\/\/zanetapawlik.pl\/index.php\/2024\/05\/14\/bliscy-portret-czasow\/#breadcrumb"},"inLanguage":"pl-PL","potentialAction":[{"@type":"ReadAction","target":["https:\/\/zanetapawlik.pl\/index.php\/2024\/05\/14\/bliscy-portret-czasow\/"]}]},{"@type":"ImageObject","inLanguage":"pl-PL","@id":"https:\/\/zanetapawlik.pl\/index.php\/2024\/05\/14\/bliscy-portret-czasow\/#primaryimage","url":"https:\/\/zanetapawlik.pl\/wp-content\/uploads\/2024\/05\/book-8295812_640.jpg","contentUrl":"https:\/\/zanetapawlik.pl\/wp-content\/uploads\/2024\/05\/book-8295812_640.jpg","width":640,"height":512},{"@type":"BreadcrumbList","@id":"https:\/\/zanetapawlik.pl\/index.php\/2024\/05\/14\/bliscy-portret-czasow\/#breadcrumb","itemListElement":[{"@type":"ListItem","position":1,"name":"Strona g\u0142\u00f3wna","item":"https:\/\/zanetapawlik.pl\/"},{"@type":"ListItem","position":2,"name":"Bliscy &#8211; portret czas\u00f3w"}]},{"@type":"WebSite","@id":"https:\/\/zanetapawlik.pl\/#website","url":"https:\/\/zanetapawlik.pl\/","name":"\u017baneta Pawlik","description":"Powie\u015bciopisarka","potentialAction":[{"@type":"SearchAction","target":{"@type":"EntryPoint","urlTemplate":"https:\/\/zanetapawlik.pl\/?s={search_term_string}"},"query-input":{"@type":"PropertyValueSpecification","valueRequired":true,"valueName":"search_term_string"}}],"inLanguage":"pl-PL"},{"@type":"Person","@id":"https:\/\/zanetapawlik.pl\/#\/schema\/person\/c3aba1d003bc4d96d317c5d1601fa5f3","name":"\u017baneta Pawlik","image":{"@type":"ImageObject","inLanguage":"pl-PL","@id":"https:\/\/secure.gravatar.com\/avatar\/4072617b0a1b582d78fe1595062a81c5ec8f9c6bc9a08453b48537ae92a28d5b?s=96&d=mm&r=g","url":"https:\/\/secure.gravatar.com\/avatar\/4072617b0a1b582d78fe1595062a81c5ec8f9c6bc9a08453b48537ae92a28d5b?s=96&d=mm&r=g","contentUrl":"https:\/\/secure.gravatar.com\/avatar\/4072617b0a1b582d78fe1595062a81c5ec8f9c6bc9a08453b48537ae92a28d5b?s=96&d=mm&r=g","caption":"\u017baneta Pawlik"},"sameAs":["@zanetapawlik.autorka"],"url":"https:\/\/zanetapawlik.pl\/index.php\/author\/usrob\/"}]}},"_links":{"self":[{"href":"https:\/\/zanetapawlik.pl\/index.php\/wp-json\/wp\/v2\/posts\/2049","targetHints":{"allow":["GET"]}}],"collection":[{"href":"https:\/\/zanetapawlik.pl\/index.php\/wp-json\/wp\/v2\/posts"}],"about":[{"href":"https:\/\/zanetapawlik.pl\/index.php\/wp-json\/wp\/v2\/types\/post"}],"author":[{"embeddable":true,"href":"https:\/\/zanetapawlik.pl\/index.php\/wp-json\/wp\/v2\/users\/1"}],"replies":[{"embeddable":true,"href":"https:\/\/zanetapawlik.pl\/index.php\/wp-json\/wp\/v2\/comments?post=2049"}],"version-history":[{"count":2,"href":"https:\/\/zanetapawlik.pl\/index.php\/wp-json\/wp\/v2\/posts\/2049\/revisions"}],"predecessor-version":[{"id":2055,"href":"https:\/\/zanetapawlik.pl\/index.php\/wp-json\/wp\/v2\/posts\/2049\/revisions\/2055"}],"wp:featuredmedia":[{"embeddable":true,"href":"https:\/\/zanetapawlik.pl\/index.php\/wp-json\/wp\/v2\/media\/2051"}],"wp:attachment":[{"href":"https:\/\/zanetapawlik.pl\/index.php\/wp-json\/wp\/v2\/media?parent=2049"}],"wp:term":[{"taxonomy":"category","embeddable":true,"href":"https:\/\/zanetapawlik.pl\/index.php\/wp-json\/wp\/v2\/categories?post=2049"},{"taxonomy":"post_tag","embeddable":true,"href":"https:\/\/zanetapawlik.pl\/index.php\/wp-json\/wp\/v2\/tags?post=2049"}],"curies":[{"name":"wp","href":"https:\/\/api.w.org\/{rel}","templated":true}]}}